{"id":3188,"date":"2022-07-13T13:25:13","date_gmt":"2022-07-13T13:25:13","guid":{"rendered":"https:\/\/farners.ch\/?p=3188"},"modified":"2022-07-26T13:32:53","modified_gmt":"2022-07-26T13:32:53","slug":"wir-bringen-den-fruchtig-frischen-sommerferien-snack","status":"publish","type":"post","link":"https:\/\/farners.ch\/de\/wir-bringen-den-fruchtig-frischen-sommerferien-snack\/","title":{"rendered":"Wir bringen den fruchtig-frischen Sommerferien-Snack"},"content":{"rendered":"<div class=\"wpb-content-wrapper\"><p>[vc_row row_height_percent=&#8220;0&#8243; override_padding=&#8220;yes&#8220; h_padding=&#8220;2&#8243; top_padding=&#8220;0&#8243; bottom_padding=&#8220;0&#8243; overlay_alpha=&#8220;50&#8243; gutter_size=&#8220;3&#8243; column_width_percent=&#8220;100&#8243; shift_y=&#8220;0&#8243; z_index=&#8220;0&#8243; desktop_visibility=&#8220;yes&#8220; medium_visibility=&#8220;yes&#8220; el_class=&#8220;neunerblock_top no_bottom&#8220; css=&#8220;.vc_custom_1609777159931{margin-top: -6px !important;margin-bottom: -14px !important;padding-top: 0px !important;padding-bottom: 0px !important;}&#8220;][vc_column column_width_percent=&#8220;100&#8243; gutter_size=&#8220;3&#8243; overlay_alpha=&#8220;50&#8243; shift_x=&#8220;0&#8243; shift_y=&#8220;0&#8243; shift_y_down=&#8220;0&#8243; z_index=&#8220;0&#8243; medium_width=&#8220;0&#8243; mobile_width=&#8220;0&#8243; width=&#8220;1\/1&#8243; el_class=&#8220;no_bottom&#8220;][\/vc_column][\/vc_row][vc_row row_height_percent=&#8220;0&#8243; override_padding=&#8220;yes&#8220; h_padding=&#8220;2&#8243; top_padding=&#8220;0&#8243; bottom_padding=&#8220;0&#8243; overlay_alpha=&#8220;50&#8243; gutter_size=&#8220;3&#8243; column_width_percent=&#8220;100&#8243; shift_y=&#8220;0&#8243; z_index=&#8220;0&#8243; css=&#8220;.vc_custom_1610122507316{margin-top: 0px !important;margin-bottom: 0px !important;padding-top: 0px !important;padding-bottom: 36px !important;}&#8220;][vc_column column_width_percent=&#8220;70&#8243; align_horizontal=&#8220;align_center&#8220; gutter_size=&#8220;3&#8243; overlay_alpha=&#8220;50&#8243; shift_x=&#8220;0&#8243; shift_y=&#8220;0&#8243; shift_y_down=&#8220;0&#8243; z_index=&#8220;0&#8243; medium_width=&#8220;0&#8243; mobile_width=&#8220;0&#8243; width=&#8220;1\/1&#8243;][vc_column_text el_class=&#8220;zab_groesser&#8220; uncode_shortcode_id=&#8220;766421&#8243;]<\/p>\n<h2><strong>Wir bringen den fruchtig-frischen Sommerferien-Snack<\/strong><\/h2>\n<p>[\/vc_column_text][\/vc_column][\/vc_row][vc_row row_height_percent=&#8220;0&#8243; override_padding=&#8220;yes&#8220; h_padding=&#8220;2&#8243; top_padding=&#8220;0&#8243; bottom_padding=&#8220;0&#8243; overlay_alpha=&#8220;50&#8243; gutter_size=&#8220;3&#8243; column_width_percent=&#8220;100&#8243; shift_y=&#8220;0&#8243; z_index=&#8220;0&#8243; uncode_shortcode_id=&#8220;148969&#8243; css=&#8220;.vc_custom_1656343249014{margin-top: 0px !important;margin-bottom: 0px !important;padding-top: 0px !important;padding-bottom: 50px !important;}&#8220;][vc_column column_width_percent=&#8220;70&#8243; align_horizontal=&#8220;align_center&#8220; gutter_size=&#8220;3&#8243; overlay_alpha=&#8220;50&#8243; shift_x=&#8220;0&#8243; shift_y=&#8220;0&#8243; shift_y_down=&#8220;0&#8243; z_index=&#8220;0&#8243; medium_width=&#8220;0&#8243; mobile_width=&#8220;0&#8243; width=&#8220;1\/1&#8243; uncode_shortcode_id=&#8220;668042&#8243;][vc_column_text uncode_shortcode_id=&#8220;186899&#8243;]Die Sommerferien haben in den meisten Kantonen begonnen und wir liefern f\u00fcr diese gef\u00fchlt sch\u00f6nste Zeit im Jahr den idealen fruchtigen Snack &#8211; Walliser Aprikosen. Die Zahlen stimmen uns zu und die Nachfrage ist steigend. Auch das Wetter spielt f\u00fcr die Aprikosen wie auch die Konsumierenden voll mit.<\/p>\n<p>Wir bedanken uns daf\u00fcr, dass Sie uns und unsere k\u00f6stlichen Walliser Aprikosen ber\u00fccksichtigen.<\/p>\n<p>Auch die hervorragende Qualit\u00e4t der diesj\u00e4hrigen Schweizer Brombeeren besticht und der Markt kann vollst\u00e4ndig versorgt werden.[\/vc_column_text][\/vc_column][\/vc_row][vc_row row_height_percent=&#8220;0&#8243; override_padding=&#8220;yes&#8220; h_padding=&#8220;2&#8243; top_padding=&#8220;0&#8243; bottom_padding=&#8220;0&#8243; back_color=&#8220;color-181039&#8243; overlay_alpha=&#8220;50&#8243; gutter_size=&#8220;3&#8243; column_width_percent=&#8220;100&#8243; shift_y=&#8220;0&#8243; z_index=&#8220;0&#8243; uncode_shortcode_id=&#8220;827550&#8243; back_color_type=&#8220;uncode-palette&#8220; css=&#8220;.vc_custom_1656343205600{margin-top: 0px !important;margin-bottom: 0px !important;padding-top: 50px !important;padding-bottom: 50px !important;}&#8220;][vc_column width=&#8220;1\/2&#8243;][vc_single_image media=&#8220;3172&#8243; media_width_percent=&#8220;100&#8243; uncode_shortcode_id=&#8220;165158&#8243;][\/vc_column][vc_column column_width_percent=&#8220;76&#8243; gutter_size=&#8220;3&#8243; overlay_alpha=&#8220;50&#8243; shift_x=&#8220;0&#8243; shift_y=&#8220;0&#8243; shift_y_down=&#8220;0&#8243; z_index=&#8220;0&#8243; medium_width=&#8220;0&#8243; mobile_width=&#8220;0&#8243; width=&#8220;1\/2&#8243; uncode_shortcode_id=&#8220;901580&#8243;][vc_column_text uncode_shortcode_id=&#8220;208731&#8243;]<\/p>\n<h3>Aprikosen<\/h3>\n<h4>Erntesituation und -prognosen<\/h4>\n<p>Diese Woche (KW 28) ist Haupterntewoche und es werden eine Reihe unterschiedlicher Sorten gepfl\u00fcckt. Der Schweizer Obstverband sch\u00e4tzt, dass sich diese Woche das Aprikosenangebot auf 1&#8217;200 t bel\u00e4uft und damit die H\u00e4lfte der diesj\u00e4hrigen Erntemenge erreicht sein wird. Die Aprikosen verf\u00fcgen \u00fcber eine ausgezeichnete Qualit\u00e4t und sind \u00fcber die verschiedenen Kaliber ausgewogen verteilt.<\/p>\n<h4>Marktsituation<\/h4>\n<p>Der Markt ist vollst\u00e4ndig mit einheimischen Fr\u00fcchten versorgt. Die bisher verkaufte Aprikosenmenge 2022 bel\u00e4uft sich gem\u00e4ss Schweizer Obstverband auf 1&#8217;750.8 t. Die Bestellungen steigen und auch die Wetterbedingungen stimmen f\u00fcr den Konsum. Diverse Aktivit\u00e4ten, um den Verkauf anzukurbeln, laufen in diesen Wochen, darunter das in Ausgabe 4 (KW 26) erw\u00e4hnte Aprikosenfest in Saxon (15.-17. Juli).<\/p>\n<p>Unser Angebot f\u00fcr diese Woche erstreckt sich \u00fcber folgende Sorten: Lido, Aprisweet, Apribang, Robada, Vick Royal, Flopria, Chrisgold, Bergeval, Kioto.<\/p>\n<h4>Bio-Aprikosen<\/h4>\n<p>Bio-Aprikosen sind in Absprache verf\u00fcgbar, wobei diese aber zurzeit aufgrund der hohen Nachfrage eher Mangelware sind.[\/vc_column_text][\/vc_column][\/vc_row][vc_row row_height_percent=&#8220;0&#8243; override_padding=&#8220;yes&#8220; h_padding=&#8220;2&#8243; top_padding=&#8220;0&#8243; bottom_padding=&#8220;0&#8243; overlay_alpha=&#8220;50&#8243; gutter_size=&#8220;3&#8243; column_width_percent=&#8220;100&#8243; shift_y=&#8220;0&#8243; z_index=&#8220;0&#8243; inverted_device_order=&#8220;yes&#8220; uncode_shortcode_id=&#8220;211816&#8243; css=&#8220;.vc_custom_1656343974579{margin-top: 0px !important;margin-bottom: 0px !important;padding-top: 50px !important;padding-bottom: 50px !important;}&#8220;][vc_column column_width_percent=&#8220;78&#8243; gutter_size=&#8220;3&#8243; overlay_alpha=&#8220;50&#8243; shift_x=&#8220;0&#8243; shift_y=&#8220;0&#8243; shift_y_down=&#8220;0&#8243; z_index=&#8220;0&#8243; medium_width=&#8220;0&#8243; mobile_width=&#8220;0&#8243; width=&#8220;1\/2&#8243; uncode_shortcode_id=&#8220;557705&#8243;][vc_column_text uncode_shortcode_id=&#8220;715377&#8243;]<\/p>\n<h3>Brombeeren<\/h3>\n<p>Derzeit werden auch die feinen Schweizer Brombeeren gepfl\u00fcckt. Die Qualit\u00e4t ist sehr gut und die Erntemengen steigen an und zurzeit wird die Sorte Loch Ness geerntet. Auch bei den Brombeeren herrscht eine Vollversorgung des Marktes mit inl\u00e4ndischer Ware.[\/vc_column_text][\/vc_column][vc_column width=&#8220;1\/2&#8243;][vc_single_image media=&#8220;3191&#8243; media_width_percent=&#8220;100&#8243; uncode_shortcode_id=&#8220;481010&#8243;][\/vc_column][\/vc_row][vc_row row_height_percent=&#8220;0&#8243; override_padding=&#8220;yes&#8220; h_padding=&#8220;2&#8243; top_padding=&#8220;0&#8243; bottom_padding=&#8220;0&#8243; back_color=&#8220;color-289496&#8243; overlay_alpha=&#8220;50&#8243; gutter_size=&#8220;3&#8243; column_width_percent=&#8220;100&#8243; shift_y=&#8220;0&#8243; z_index=&#8220;0&#8243; uncode_shortcode_id=&#8220;411244&#8243; css=&#8220;.vc_custom_1656344942340{margin-top: 0px !important;margin-bottom: 0px !important;padding-top: 50px !important;padding-bottom: 50px !important;}&#8220; back_color_type=&#8220;uncode-palette&#8220;][vc_column column_width_percent=&#8220;70&#8243; align_horizontal=&#8220;align_center&#8220; gutter_size=&#8220;3&#8243; style=&#8220;dark&#8220; overlay_alpha=&#8220;50&#8243; shift_x=&#8220;0&#8243; shift_y=&#8220;0&#8243; shift_y_down=&#8220;0&#8243; z_index=&#8220;0&#8243; medium_width=&#8220;0&#8243; mobile_width=&#8220;0&#8243; width=&#8220;1\/1&#8243; uncode_shortcode_id=&#8220;392327&#8243;][vc_column_text uncode_shortcode_id=&#8220;122561&#8243;]<\/p>\n<h3>Farner&#8217;s<\/h3>\n<p>Wir vermarkten Walliser Aprikosen, Schweizer Steinobst, Kernobst und Beeren. Mit unseren 30 Jahren Erfahrung, unserem breiten Netzwerk und agilen Team sind wir Ihr Sparringpartner f\u00fcr frische Agrarprodukte.<\/p>\n<h3>Kontaktdaten f\u00fcr Bestellungen und Anfragen<\/h3>\n<p>Haupttelefonnummer: +41 (0)52 740 27 62<\/p>\n<p>E-Mail: info@farners.ch<\/p>\n<p>[\/vc_column_text][\/vc_column][\/vc_row]<\/p>\n<\/div>","protected":false},"excerpt":{"rendered":"<p>Walliser Aprikosen sind der ideale fruchtige Snack f\u00fcr die Sommerferien. Die Zahlen stimmen uns zu und die Nachfrage ist steigend. Das Wetter spielt f\u00fcr die Aprikosen und Konsumierenden voll mit. Auch die hervorragende Qualit\u00e4t der diesj\u00e4hrigen Schweizer Brombeeren besticht und der Markt kann vollst\u00e4ndig versorgt werden.<\/p>\n","protected":false},"author":7,"featured_media":1287,"comment_status":"closed","ping_status":"closed","sticky":false,"template":"","format":"standard","meta":{"footnotes":""},"categories":[30],"tags":[],"class_list":["post-3188","post","type-post","status-publish","format-standard","has-post-thumbnail","hentry","category-news"],"yoast_head":"<!-- This site is optimized with the Yoast SEO plugin v27.4 - https:\/\/yoast.com\/product\/yoast-seo-wordpress\/ -->\n<title>Wir bringen den fruchtig-frischen Sommerferien-Snack &#8211; Farner\u2019s<\/title>\n<meta name=\"robots\" content=\"index, follow, max-snippet:-1, max-image-preview:large, max-video-preview:-1\" \/>\n<link rel=\"canonical\" href=\"https:\/\/farners.ch\/de\/wir-bringen-den-fruchtig-frischen-sommerferien-snack\/\" \/>\n<meta property=\"og:locale\" content=\"de_DE\" \/>\n<meta property=\"og:type\" content=\"article\" \/>\n<meta property=\"og:title\" content=\"Wir bringen den fruchtig-frischen Sommerferien-Snack &#8211; Farner\u2019s\" \/>\n<meta property=\"og:description\" content=\"Walliser Aprikosen sind der ideale fruchtige Snack f\u00fcr die Sommerferien. Die Zahlen stimmen uns zu und die Nachfrage ist steigend. Das Wetter spielt f\u00fcr die Aprikosen und Konsumierenden voll mit. Auch die hervorragende Qualit\u00e4t der diesj\u00e4hrigen Schweizer Brombeeren besticht und der Markt kann vollst\u00e4ndig versorgt werden.\" \/>\n<meta property=\"og:url\" content=\"https:\/\/farners.ch\/de\/wir-bringen-den-fruchtig-frischen-sommerferien-snack\/\" \/>\n<meta property=\"og:site_name\" content=\"Farner\u2019s\" \/>\n<meta property=\"article:published_time\" content=\"2022-07-13T13:25:13+00:00\" \/>\n<meta property=\"article:modified_time\" content=\"2022-07-26T13:32:53+00:00\" \/>\n<meta property=\"og:image\" content=\"https:\/\/farners.ch\/wp-content\/uploads\/2021\/01\/stimmungsbild_rechts_aprikosenlese.jpg\" \/>\n\t<meta property=\"og:image:width\" content=\"1050\" \/>\n\t<meta property=\"og:image:height\" content=\"794\" \/>\n\t<meta property=\"og:image:type\" content=\"image\/jpeg\" \/>\n<meta name=\"author\" content=\"Simone Riesen\" \/>\n<meta name=\"twitter:card\" content=\"summary_large_image\" \/>\n<meta name=\"twitter:label1\" content=\"Geschrieben von\" \/>\n\t<meta name=\"twitter:data1\" content=\"Simone Riesen\" \/>\n\t<meta name=\"twitter:label2\" content=\"Gesch\u00e4tzte Lesezeit\" \/>\n\t<meta name=\"twitter:data2\" content=\"3\u00a0Minuten\" \/>\n<script type=\"application\/ld+json\" class=\"yoast-schema-graph\">{\"@context\":\"https:\\\/\\\/schema.org\",\"@graph\":[{\"@type\":\"Article\",\"@id\":\"https:\\\/\\\/farners.ch\\\/de\\\/wir-bringen-den-fruchtig-frischen-sommerferien-snack\\\/#article\",\"isPartOf\":{\"@id\":\"https:\\\/\\\/farners.ch\\\/de\\\/wir-bringen-den-fruchtig-frischen-sommerferien-snack\\\/\"},\"author\":{\"name\":\"Simone Riesen\",\"@id\":\"https:\\\/\\\/farners.ch\\\/de\\\/#\\\/schema\\\/person\\\/f13fef65c9ab443b2bea527ab8e462f0\"},\"headline\":\"Wir bringen den fruchtig-frischen Sommerferien-Snack\",\"datePublished\":\"2022-07-13T13:25:13+00:00\",\"dateModified\":\"2022-07-26T13:32:53+00:00\",\"mainEntityOfPage\":{\"@id\":\"https:\\\/\\\/farners.ch\\\/de\\\/wir-bringen-den-fruchtig-frischen-sommerferien-snack\\\/\"},\"wordCount\":894,\"publisher\":{\"@id\":\"https:\\\/\\\/farners.ch\\\/de\\\/#organization\"},\"image\":{\"@id\":\"https:\\\/\\\/farners.ch\\\/de\\\/wir-bringen-den-fruchtig-frischen-sommerferien-snack\\\/#primaryimage\"},\"thumbnailUrl\":\"https:\\\/\\\/farners.ch\\\/wp-content\\\/uploads\\\/2021\\\/01\\\/stimmungsbild_rechts_aprikosenlese.jpg\",\"articleSection\":[\"News\"],\"inLanguage\":\"de\"},{\"@type\":\"WebPage\",\"@id\":\"https:\\\/\\\/farners.ch\\\/de\\\/wir-bringen-den-fruchtig-frischen-sommerferien-snack\\\/\",\"url\":\"https:\\\/\\\/farners.ch\\\/de\\\/wir-bringen-den-fruchtig-frischen-sommerferien-snack\\\/\",\"name\":\"Wir bringen den fruchtig-frischen Sommerferien-Snack &#8211; Farner\u2019s\",\"isPartOf\":{\"@id\":\"https:\\\/\\\/farners.ch\\\/de\\\/#website\"},\"primaryImageOfPage\":{\"@id\":\"https:\\\/\\\/farners.ch\\\/de\\\/wir-bringen-den-fruchtig-frischen-sommerferien-snack\\\/#primaryimage\"},\"image\":{\"@id\":\"https:\\\/\\\/farners.ch\\\/de\\\/wir-bringen-den-fruchtig-frischen-sommerferien-snack\\\/#primaryimage\"},\"thumbnailUrl\":\"https:\\\/\\\/farners.ch\\\/wp-content\\\/uploads\\\/2021\\\/01\\\/stimmungsbild_rechts_aprikosenlese.jpg\",\"datePublished\":\"2022-07-13T13:25:13+00:00\",\"dateModified\":\"2022-07-26T13:32:53+00:00\",\"breadcrumb\":{\"@id\":\"https:\\\/\\\/farners.ch\\\/de\\\/wir-bringen-den-fruchtig-frischen-sommerferien-snack\\\/#breadcrumb\"},\"inLanguage\":\"de\",\"potentialAction\":[{\"@type\":\"ReadAction\",\"target\":[\"https:\\\/\\\/farners.ch\\\/de\\\/wir-bringen-den-fruchtig-frischen-sommerferien-snack\\\/\"]}]},{\"@type\":\"ImageObject\",\"inLanguage\":\"de\",\"@id\":\"https:\\\/\\\/farners.ch\\\/de\\\/wir-bringen-den-fruchtig-frischen-sommerferien-snack\\\/#primaryimage\",\"url\":\"https:\\\/\\\/farners.ch\\\/wp-content\\\/uploads\\\/2021\\\/01\\\/stimmungsbild_rechts_aprikosenlese.jpg\",\"contentUrl\":\"https:\\\/\\\/farners.ch\\\/wp-content\\\/uploads\\\/2021\\\/01\\\/stimmungsbild_rechts_aprikosenlese.jpg\",\"width\":1050,\"height\":794,\"caption\":\"Aprikosenlese im Sonnenlicht\"},{\"@type\":\"BreadcrumbList\",\"@id\":\"https:\\\/\\\/farners.ch\\\/de\\\/wir-bringen-den-fruchtig-frischen-sommerferien-snack\\\/#breadcrumb\",\"itemListElement\":[{\"@type\":\"ListItem\",\"position\":1,\"name\":\"Startseite\",\"item\":\"https:\\\/\\\/farners.ch\\\/de\\\/\"},{\"@type\":\"ListItem\",\"position\":2,\"name\":\"Wir bringen den fruchtig-frischen Sommerferien-Snack\"}]},{\"@type\":\"WebSite\",\"@id\":\"https:\\\/\\\/farners.ch\\\/de\\\/#website\",\"url\":\"https:\\\/\\\/farners.ch\\\/de\\\/\",\"name\":\"Farner\u2019s\",\"description\":\"Agrarhandel\",\"publisher\":{\"@id\":\"https:\\\/\\\/farners.ch\\\/de\\\/#organization\"},\"potentialAction\":[{\"@type\":\"SearchAction\",\"target\":{\"@type\":\"EntryPoint\",\"urlTemplate\":\"https:\\\/\\\/farners.ch\\\/de\\\/?s={search_term_string}\"},\"query-input\":{\"@type\":\"PropertyValueSpecification\",\"valueRequired\":true,\"valueName\":\"search_term_string\"}}],\"inLanguage\":\"de\"},{\"@type\":\"Organization\",\"@id\":\"https:\\\/\\\/farners.ch\\\/de\\\/#organization\",\"name\":\"Farner\u2019s\",\"url\":\"https:\\\/\\\/farners.ch\\\/de\\\/\",\"logo\":{\"@type\":\"ImageObject\",\"inLanguage\":\"de\",\"@id\":\"https:\\\/\\\/farners.ch\\\/de\\\/#\\\/schema\\\/logo\\\/image\\\/\",\"url\":\"https:\\\/\\\/farners.ch\\\/wp-content\\\/uploads\\\/2020\\\/12\\\/farners_logo_positiv.png\",\"contentUrl\":\"https:\\\/\\\/farners.ch\\\/wp-content\\\/uploads\\\/2020\\\/12\\\/farners_logo_positiv.png\",\"width\":318,\"height\":86,\"caption\":\"Farner\u2019s\"},\"image\":{\"@id\":\"https:\\\/\\\/farners.ch\\\/de\\\/#\\\/schema\\\/logo\\\/image\\\/\"}},{\"@type\":\"Person\",\"@id\":\"https:\\\/\\\/farners.ch\\\/de\\\/#\\\/schema\\\/person\\\/f13fef65c9ab443b2bea527ab8e462f0\",\"name\":\"Simone Riesen\",\"image\":{\"@type\":\"ImageObject\",\"inLanguage\":\"de\",\"@id\":\"https:\\\/\\\/secure.gravatar.com\\\/avatar\\\/f507ee6b91f2944ca08e920056b60c9db006016b73072e39705c01fa1315ec94?s=96&d=mm&r=g\",\"url\":\"https:\\\/\\\/secure.gravatar.com\\\/avatar\\\/f507ee6b91f2944ca08e920056b60c9db006016b73072e39705c01fa1315ec94?s=96&d=mm&r=g\",\"contentUrl\":\"https:\\\/\\\/secure.gravatar.com\\\/avatar\\\/f507ee6b91f2944ca08e920056b60c9db006016b73072e39705c01fa1315ec94?s=96&d=mm&r=g\",\"caption\":\"Simone Riesen\"}}]}<\/script>\n<!-- \/ Yoast SEO plugin. -->","yoast_head_json":{"title":"Wir bringen den fruchtig-frischen Sommerferien-Snack &#8211; Farner\u2019s","robots":{"index":"index","follow":"follow","max-snippet":"max-snippet:-1","max-image-preview":"max-image-preview:large","max-video-preview":"max-video-preview:-1"},"canonical":"https:\/\/farners.ch\/de\/wir-bringen-den-fruchtig-frischen-sommerferien-snack\/","og_locale":"de_DE","og_type":"article","og_title":"Wir bringen den fruchtig-frischen Sommerferien-Snack &#8211; Farner\u2019s","og_description":"Walliser Aprikosen sind der ideale fruchtige Snack f\u00fcr die Sommerferien. Die Zahlen stimmen uns zu und die Nachfrage ist steigend. Das Wetter spielt f\u00fcr die Aprikosen und Konsumierenden voll mit. Auch die hervorragende Qualit\u00e4t der diesj\u00e4hrigen Schweizer Brombeeren besticht und der Markt kann vollst\u00e4ndig versorgt werden.","og_url":"https:\/\/farners.ch\/de\/wir-bringen-den-fruchtig-frischen-sommerferien-snack\/","og_site_name":"Farner\u2019s","article_published_time":"2022-07-13T13:25:13+00:00","article_modified_time":"2022-07-26T13:32:53+00:00","og_image":[{"width":1050,"height":794,"url":"https:\/\/farners.ch\/wp-content\/uploads\/2021\/01\/stimmungsbild_rechts_aprikosenlese.jpg","type":"image\/jpeg"}],"author":"Simone Riesen","twitter_card":"summary_large_image","twitter_misc":{"Geschrieben von":"Simone Riesen","Gesch\u00e4tzte Lesezeit":"3\u00a0Minuten"},"schema":{"@context":"https:\/\/schema.org","@graph":[{"@type":"Article","@id":"https:\/\/farners.ch\/de\/wir-bringen-den-fruchtig-frischen-sommerferien-snack\/#article","isPartOf":{"@id":"https:\/\/farners.ch\/de\/wir-bringen-den-fruchtig-frischen-sommerferien-snack\/"},"author":{"name":"Simone Riesen","@id":"https:\/\/farners.ch\/de\/#\/schema\/person\/f13fef65c9ab443b2bea527ab8e462f0"},"headline":"Wir bringen den fruchtig-frischen Sommerferien-Snack","datePublished":"2022-07-13T13:25:13+00:00","dateModified":"2022-07-26T13:32:53+00:00","mainEntityOfPage":{"@id":"https:\/\/farners.ch\/de\/wir-bringen-den-fruchtig-frischen-sommerferien-snack\/"},"wordCount":894,"publisher":{"@id":"https:\/\/farners.ch\/de\/#organization"},"image":{"@id":"https:\/\/farners.ch\/de\/wir-bringen-den-fruchtig-frischen-sommerferien-snack\/#primaryimage"},"thumbnailUrl":"https:\/\/farners.ch\/wp-content\/uploads\/2021\/01\/stimmungsbild_rechts_aprikosenlese.jpg","articleSection":["News"],"inLanguage":"de"},{"@type":"WebPage","@id":"https:\/\/farners.ch\/de\/wir-bringen-den-fruchtig-frischen-sommerferien-snack\/","url":"https:\/\/farners.ch\/de\/wir-bringen-den-fruchtig-frischen-sommerferien-snack\/","name":"Wir bringen den fruchtig-frischen Sommerferien-Snack &#8211; Farner\u2019s","isPartOf":{"@id":"https:\/\/farners.ch\/de\/#website"},"primaryImageOfPage":{"@id":"https:\/\/farners.ch\/de\/wir-bringen-den-fruchtig-frischen-sommerferien-snack\/#primaryimage"},"image":{"@id":"https:\/\/farners.ch\/de\/wir-bringen-den-fruchtig-frischen-sommerferien-snack\/#primaryimage"},"thumbnailUrl":"https:\/\/farners.ch\/wp-content\/uploads\/2021\/01\/stimmungsbild_rechts_aprikosenlese.jpg","datePublished":"2022-07-13T13:25:13+00:00","dateModified":"2022-07-26T13:32:53+00:00","breadcrumb":{"@id":"https:\/\/farners.ch\/de\/wir-bringen-den-fruchtig-frischen-sommerferien-snack\/#breadcrumb"},"inLanguage":"de","potentialAction":[{"@type":"ReadAction","target":["https:\/\/farners.ch\/de\/wir-bringen-den-fruchtig-frischen-sommerferien-snack\/"]}]},{"@type":"ImageObject","inLanguage":"de","@id":"https:\/\/farners.ch\/de\/wir-bringen-den-fruchtig-frischen-sommerferien-snack\/#primaryimage","url":"https:\/\/farners.ch\/wp-content\/uploads\/2021\/01\/stimmungsbild_rechts_aprikosenlese.jpg","contentUrl":"https:\/\/farners.ch\/wp-content\/uploads\/2021\/01\/stimmungsbild_rechts_aprikosenlese.jpg","width":1050,"height":794,"caption":"Aprikosenlese im Sonnenlicht"},{"@type":"BreadcrumbList","@id":"https:\/\/farners.ch\/de\/wir-bringen-den-fruchtig-frischen-sommerferien-snack\/#breadcrumb","itemListElement":[{"@type":"ListItem","position":1,"name":"Startseite","item":"https:\/\/farners.ch\/de\/"},{"@type":"ListItem","position":2,"name":"Wir bringen den fruchtig-frischen Sommerferien-Snack"}]},{"@type":"WebSite","@id":"https:\/\/farners.ch\/de\/#website","url":"https:\/\/farners.ch\/de\/","name":"Farner\u2019s","description":"Agrarhandel","publisher":{"@id":"https:\/\/farners.ch\/de\/#organization"},"potentialAction":[{"@type":"SearchAction","target":{"@type":"EntryPoint","urlTemplate":"https:\/\/farners.ch\/de\/?s={search_term_string}"},"query-input":{"@type":"PropertyValueSpecification","valueRequired":true,"valueName":"search_term_string"}}],"inLanguage":"de"},{"@type":"Organization","@id":"https:\/\/farners.ch\/de\/#organization","name":"Farner\u2019s","url":"https:\/\/farners.ch\/de\/","logo":{"@type":"ImageObject","inLanguage":"de","@id":"https:\/\/farners.ch\/de\/#\/schema\/logo\/image\/","url":"https:\/\/farners.ch\/wp-content\/uploads\/2020\/12\/farners_logo_positiv.png","contentUrl":"https:\/\/farners.ch\/wp-content\/uploads\/2020\/12\/farners_logo_positiv.png","width":318,"height":86,"caption":"Farner\u2019s"},"image":{"@id":"https:\/\/farners.ch\/de\/#\/schema\/logo\/image\/"}},{"@type":"Person","@id":"https:\/\/farners.ch\/de\/#\/schema\/person\/f13fef65c9ab443b2bea527ab8e462f0","name":"Simone Riesen","image":{"@type":"ImageObject","inLanguage":"de","@id":"https:\/\/secure.gravatar.com\/avatar\/f507ee6b91f2944ca08e920056b60c9db006016b73072e39705c01fa1315ec94?s=96&d=mm&r=g","url":"https:\/\/secure.gravatar.com\/avatar\/f507ee6b91f2944ca08e920056b60c9db006016b73072e39705c01fa1315ec94?s=96&d=mm&r=g","contentUrl":"https:\/\/secure.gravatar.com\/avatar\/f507ee6b91f2944ca08e920056b60c9db006016b73072e39705c01fa1315ec94?s=96&d=mm&r=g","caption":"Simone Riesen"}}]}},"_links":{"self":[{"href":"https:\/\/farners.ch\/de\/wp-json\/wp\/v2\/posts\/3188","targetHints":{"allow":["GET"]}}],"collection":[{"href":"https:\/\/farners.ch\/de\/wp-json\/wp\/v2\/posts"}],"about":[{"href":"https:\/\/farners.ch\/de\/wp-json\/wp\/v2\/types\/post"}],"author":[{"embeddable":true,"href":"https:\/\/farners.ch\/de\/wp-json\/wp\/v2\/users\/7"}],"replies":[{"embeddable":true,"href":"https:\/\/farners.ch\/de\/wp-json\/wp\/v2\/comments?post=3188"}],"version-history":[{"count":3,"href":"https:\/\/farners.ch\/de\/wp-json\/wp\/v2\/posts\/3188\/revisions"}],"predecessor-version":[{"id":3211,"href":"https:\/\/farners.ch\/de\/wp-json\/wp\/v2\/posts\/3188\/revisions\/3211"}],"wp:featuredmedia":[{"embeddable":true,"href":"https:\/\/farners.ch\/de\/wp-json\/wp\/v2\/media\/1287"}],"wp:attachment":[{"href":"https:\/\/farners.ch\/de\/wp-json\/wp\/v2\/media?parent=3188"}],"wp:term":[{"taxonomy":"category","embeddable":true,"href":"https:\/\/farners.ch\/de\/wp-json\/wp\/v2\/categories?post=3188"},{"taxonomy":"post_tag","embeddable":true,"href":"https:\/\/farners.ch\/de\/wp-json\/wp\/v2\/tags?post=3188"}],"curies":[{"name":"wp","href":"https:\/\/api.w.org\/{rel}","templated":true}]}}