{"id":3197,"date":"2022-07-06T13:44:09","date_gmt":"2022-07-06T13:44:09","guid":{"rendered":"https:\/\/farners.ch\/?p=3197"},"modified":"2022-07-26T14:11:54","modified_gmt":"2022-07-26T14:11:54","slug":"gewachsen-und-geerntet-im-wallis-genossen-in-der-ganzen-schweiz","status":"publish","type":"post","link":"https:\/\/farners.ch\/de\/gewachsen-und-geerntet-im-wallis-genossen-in-der-ganzen-schweiz\/","title":{"rendered":"Gewachsen und geerntet im Wallis, genossen in der ganzen Schweiz"},"content":{"rendered":"<div class=\"wpb-content-wrapper\"><p>[vc_row row_height_percent=&#8220;0&#8243; override_padding=&#8220;yes&#8220; h_padding=&#8220;2&#8243; top_padding=&#8220;0&#8243; bottom_padding=&#8220;0&#8243; overlay_alpha=&#8220;50&#8243; gutter_size=&#8220;3&#8243; column_width_percent=&#8220;100&#8243; shift_y=&#8220;0&#8243; z_index=&#8220;0&#8243; desktop_visibility=&#8220;yes&#8220; medium_visibility=&#8220;yes&#8220; el_class=&#8220;neunerblock_top no_bottom&#8220; css=&#8220;.vc_custom_1609777159931{margin-top: -6px !important;margin-bottom: -14px !important;padding-top: 0px !important;padding-bottom: 0px !important;}&#8220;][vc_column column_width_percent=&#8220;100&#8243; gutter_size=&#8220;3&#8243; overlay_alpha=&#8220;50&#8243; shift_x=&#8220;0&#8243; shift_y=&#8220;0&#8243; shift_y_down=&#8220;0&#8243; z_index=&#8220;0&#8243; medium_width=&#8220;0&#8243; mobile_width=&#8220;0&#8243; width=&#8220;1\/1&#8243; el_class=&#8220;no_bottom&#8220;][\/vc_column][\/vc_row][vc_row row_height_percent=&#8220;0&#8243; override_padding=&#8220;yes&#8220; h_padding=&#8220;2&#8243; top_padding=&#8220;0&#8243; bottom_padding=&#8220;0&#8243; overlay_alpha=&#8220;50&#8243; gutter_size=&#8220;3&#8243; column_width_percent=&#8220;100&#8243; shift_y=&#8220;0&#8243; z_index=&#8220;0&#8243; css=&#8220;.vc_custom_1610122507316{margin-top: 0px !important;margin-bottom: 0px !important;padding-top: 0px !important;padding-bottom: 36px !important;}&#8220;][vc_column column_width_percent=&#8220;70&#8243; align_horizontal=&#8220;align_center&#8220; gutter_size=&#8220;3&#8243; overlay_alpha=&#8220;50&#8243; shift_x=&#8220;0&#8243; shift_y=&#8220;0&#8243; shift_y_down=&#8220;0&#8243; z_index=&#8220;0&#8243; medium_width=&#8220;0&#8243; mobile_width=&#8220;0&#8243; width=&#8220;1\/1&#8243;][vc_column_text el_class=&#8220;zab_groesser&#8220; uncode_shortcode_id=&#8220;160045&#8243;]<\/p>\n<h2><strong>Gewachsen und geerntet im Wallis, genossen in der ganzen Schweiz<\/strong><\/h2>\n<p>[\/vc_column_text][\/vc_column][\/vc_row][vc_row row_height_percent=&#8220;0&#8243; override_padding=&#8220;yes&#8220; h_padding=&#8220;2&#8243; top_padding=&#8220;0&#8243; bottom_padding=&#8220;0&#8243; overlay_alpha=&#8220;50&#8243; gutter_size=&#8220;3&#8243; column_width_percent=&#8220;100&#8243; shift_y=&#8220;0&#8243; z_index=&#8220;0&#8243; uncode_shortcode_id=&#8220;148969&#8243; css=&#8220;.vc_custom_1656343249014{margin-top: 0px !important;margin-bottom: 0px !important;padding-top: 0px !important;padding-bottom: 50px !important;}&#8220;][vc_column column_width_percent=&#8220;70&#8243; align_horizontal=&#8220;align_center&#8220; gutter_size=&#8220;3&#8243; overlay_alpha=&#8220;50&#8243; shift_x=&#8220;0&#8243; shift_y=&#8220;0&#8243; shift_y_down=&#8220;0&#8243; z_index=&#8220;0&#8243; medium_width=&#8220;0&#8243; mobile_width=&#8220;0&#8243; width=&#8220;1\/1&#8243; uncode_shortcode_id=&#8220;668042&#8243;][vc_column_text uncode_shortcode_id=&#8220;500597&#8243;]Wir erfreuen uns t\u00e4glich an der ausgezeichneten Qualit\u00e4t der diesj\u00e4hrigen Walliser Aprikosen. Die Erntemenge steigt im Vergleich zur Vorwoche noch immer an und der Markt ist vollst\u00e4ndig mit einheimischen Aprikosen gedeckt.\u00a0 Auch die Mengen an Bio-Aprikosen sind erfreulich und bedienen die Nachfrage gut. Die Wetterlage mit den Regenf\u00e4llen erfordern ein besonderes Augenmerk auf die Qualit\u00e4t.<\/p>\n<p>Weiters sind auch Bio-Heidelbeeren in Ernte und die Konsumierenden k\u00f6nnen sich an sehr guter Qualit\u00e4t erfreuen.<\/p>\n<p>Wir bedanken uns daf\u00fcr, dass Sie uns und unsere k\u00f6stlichen Walliser Aprikosen ber\u00fccksichtigen.[\/vc_column_text][\/vc_column][\/vc_row][vc_row row_height_percent=&#8220;0&#8243; override_padding=&#8220;yes&#8220; h_padding=&#8220;2&#8243; top_padding=&#8220;0&#8243; bottom_padding=&#8220;0&#8243; back_color=&#8220;color-181039&#8243; overlay_alpha=&#8220;50&#8243; gutter_size=&#8220;3&#8243; column_width_percent=&#8220;100&#8243; shift_y=&#8220;0&#8243; z_index=&#8220;0&#8243; uncode_shortcode_id=&#8220;827550&#8243; back_color_type=&#8220;uncode-palette&#8220; css=&#8220;.vc_custom_1656343205600{margin-top: 0px !important;margin-bottom: 0px !important;padding-top: 50px !important;padding-bottom: 50px !important;}&#8220;][vc_column width=&#8220;1\/2&#8243;][vc_single_image media=&#8220;454&#8243; media_width_percent=&#8220;100&#8243; uncode_shortcode_id=&#8220;282314&#8243;][\/vc_column][vc_column column_width_percent=&#8220;76&#8243; gutter_size=&#8220;3&#8243; overlay_alpha=&#8220;50&#8243; shift_x=&#8220;0&#8243; shift_y=&#8220;0&#8243; shift_y_down=&#8220;0&#8243; z_index=&#8220;0&#8243; medium_width=&#8220;0&#8243; mobile_width=&#8220;0&#8243; width=&#8220;1\/2&#8243; uncode_shortcode_id=&#8220;901580&#8243;][vc_column_text uncode_shortcode_id=&#8220;108332&#8243;]<\/p>\n<h3>Aprikosen<\/h3>\n<h4>Erntesituation und -prognosen<\/h4>\n<p>Der Schweizer Obstverband erwartet diese Woche (KW 27) eine Erntemenge von 1&#8217;200 t Aprikosen. Die Qualit\u00e4t der Fr\u00fcchte ist immer noch sehr gut und der Pfl\u00fcckrhythmus zunehmend. Die Ernte von Orangered ist nun abgeschlossen.<\/p>\n<p>Bei uns sind aktuell gen\u00fcgend Mengen in allen Kalibern verf\u00fcgbar. Wir f\u00fchren aktuell die Sorten Flopria, Orangered, Lido, Aprisweet und Apribang.<\/p>\n<h4>Marktsituation<\/h4>\n<p>Der Markt kann nun vollst\u00e4ndig mit inl\u00e4ndischen Fr\u00fcchten bedient werden und der \u00dcbergang von der Importware verlief gut. Aufgrund der Regenf\u00e4lle gilt es, ein Augenmerk auf die Qualit\u00e4t der Fr\u00fcchte zu legen.<\/p>\n<p>In den kommenden Wochen stehen unterschiedliche Aktivit\u00e4ten zur Verkaufsf\u00f6rderung bei den unterschiedlichen Handelspartnern an.<\/p>\n<h4>Bio-Aprikosen<\/h4>\n<p>Von den bisher geernteten Aprikosen stammen 10% aus Bio-Kulturen. Die aktuell grosse Nachfrage nach Bio-Aprikosen kann gut bedient werden.<\/p>\n<h4>Wussten Sie, dass&#8230;<\/h4>\n<p>&#8230;im Wallis \u00fcber 70 Aprikosensorten angebaut werden? So k\u00f6nnen Sie den gesamten Sommer lang von Juni bis September die k\u00f6stlichen Aprikosen in all ihren Geschmacksvarianten geniessen.[\/vc_column_text][\/vc_column][\/vc_row][vc_row row_height_percent=&#8220;0&#8243; override_padding=&#8220;yes&#8220; h_padding=&#8220;2&#8243; top_padding=&#8220;0&#8243; bottom_padding=&#8220;0&#8243; overlay_alpha=&#8220;50&#8243; gutter_size=&#8220;3&#8243; column_width_percent=&#8220;100&#8243; shift_y=&#8220;0&#8243; z_index=&#8220;0&#8243; inverted_device_order=&#8220;yes&#8220; uncode_shortcode_id=&#8220;211816&#8243; css=&#8220;.vc_custom_1656343974579{margin-top: 0px !important;margin-bottom: 0px !important;padding-top: 50px !important;padding-bottom: 50px !important;}&#8220;][vc_column column_width_percent=&#8220;78&#8243; gutter_size=&#8220;3&#8243; overlay_alpha=&#8220;50&#8243; shift_x=&#8220;0&#8243; shift_y=&#8220;0&#8243; shift_y_down=&#8220;0&#8243; z_index=&#8220;0&#8243; medium_width=&#8220;0&#8243; mobile_width=&#8220;0&#8243; width=&#8220;1\/2&#8243; uncode_shortcode_id=&#8220;557705&#8243;][vc_column_text uncode_shortcode_id=&#8220;279334&#8243;]<\/p>\n<h3><strong>Bio-Heidelbeeren<\/strong><\/h3>\n<p>Das Wetter ist auch f\u00fcr die Bio-Heidelbeeren vorteilhaft und erlaubt eine erfreuliche Ernte in sehr guter Qualit\u00e4t. Die fr\u00fchen Heidelbeersorten sind aktuell in voller Ernte, teilweise ist diese schon fast beendet. Die erwarteten Erntemengen bei den Bio-Heidelbeeren verbleiben in den n\u00e4chsten Wochen steigend.[\/vc_column_text][\/vc_column][vc_column width=&#8220;1\/2&#8243;][vc_single_image media=&#8220;3203&#8243; media_width_percent=&#8220;100&#8243; uncode_shortcode_id=&#8220;227072&#8243;][\/vc_column][\/vc_row][vc_row row_height_percent=&#8220;0&#8243; override_padding=&#8220;yes&#8220; h_padding=&#8220;2&#8243; top_padding=&#8220;0&#8243; bottom_padding=&#8220;0&#8243; back_color=&#8220;color-289496&#8243; overlay_alpha=&#8220;50&#8243; gutter_size=&#8220;3&#8243; column_width_percent=&#8220;100&#8243; shift_y=&#8220;0&#8243; z_index=&#8220;0&#8243; uncode_shortcode_id=&#8220;411244&#8243; css=&#8220;.vc_custom_1656344942340{margin-top: 0px !important;margin-bottom: 0px !important;padding-top: 50px !important;padding-bottom: 50px !important;}&#8220; back_color_type=&#8220;uncode-palette&#8220;][vc_column column_width_percent=&#8220;70&#8243; align_horizontal=&#8220;align_center&#8220; gutter_size=&#8220;3&#8243; style=&#8220;dark&#8220; overlay_alpha=&#8220;50&#8243; shift_x=&#8220;0&#8243; shift_y=&#8220;0&#8243; shift_y_down=&#8220;0&#8243; z_index=&#8220;0&#8243; medium_width=&#8220;0&#8243; mobile_width=&#8220;0&#8243; width=&#8220;1\/1&#8243; uncode_shortcode_id=&#8220;392327&#8243;][vc_column_text uncode_shortcode_id=&#8220;122561&#8243;]<\/p>\n<h3>Farner&#8217;s<\/h3>\n<p>Wir vermarkten Walliser Aprikosen, Schweizer Steinobst, Kernobst und Beeren. Mit unseren 30 Jahren Erfahrung, unserem breiten Netzwerk und agilen Team sind wir Ihr Sparringpartner f\u00fcr frische Agrarprodukte.<\/p>\n<h3>Kontaktdaten f\u00fcr Bestellungen und Anfragen<\/h3>\n<p>Haupttelefonnummer: +41 (0)52 740 27 62<\/p>\n<p>E-Mail: info@farners.ch<\/p>\n<p>[\/vc_column_text][\/vc_column][\/vc_row]<\/p>\n<\/div>","protected":false},"excerpt":{"rendered":"<p>Wir erfreuen uns t\u00e4glich an der ausgezeichneten Qualit\u00e4t der diesj\u00e4hrigen Walliser Aprikosen. Dank steigender Erntemengen ist nun der Markt vollst\u00e4ndig mit einheimischen Aprikosen gedeckt. Auch Bio-Aprikosen k\u00f6nnen in guten Mengen geerntet und vertrieben werden. Die Ernte von Bio-Heidelbeeren verl\u00e4uft auch erfreulich mit sehr guter Beerenqualit\u00e4t.<\/p>\n","protected":false},"author":7,"featured_media":1203,"comment_status":"closed","ping_status":"closed","sticky":false,"template":"","format":"standard","meta":{"footnotes":""},"categories":[30],"tags":[],"class_list":["post-3197","post","type-post","status-publish","format-standard","has-post-thumbnail","hentry","category-news"],"yoast_head":"<!-- This site is optimized with the Yoast SEO plugin v27.5 - https:\/\/yoast.com\/product\/yoast-seo-wordpress\/ -->\n<title>Gewachsen und geerntet im Wallis, genossen in der ganzen Schweiz &#8211; Farner\u2019s<\/title>\n<meta name=\"robots\" content=\"index, follow, max-snippet:-1, max-image-preview:large, max-video-preview:-1\" \/>\n<link rel=\"canonical\" href=\"https:\/\/farners.ch\/de\/gewachsen-und-geerntet-im-wallis-genossen-in-der-ganzen-schweiz\/\" \/>\n<meta property=\"og:locale\" content=\"de_DE\" \/>\n<meta property=\"og:type\" content=\"article\" \/>\n<meta property=\"og:title\" content=\"Gewachsen und geerntet im Wallis, genossen in der ganzen Schweiz &#8211; Farner\u2019s\" \/>\n<meta property=\"og:description\" content=\"Wir erfreuen uns t\u00e4glich an der ausgezeichneten Qualit\u00e4t der diesj\u00e4hrigen Walliser Aprikosen. Dank steigender Erntemengen ist nun der Markt vollst\u00e4ndig mit einheimischen Aprikosen gedeckt. Auch Bio-Aprikosen k\u00f6nnen in guten Mengen geerntet und vertrieben werden. Die Ernte von Bio-Heidelbeeren verl\u00e4uft auch erfreulich mit sehr guter Beerenqualit\u00e4t.\" \/>\n<meta property=\"og:url\" content=\"https:\/\/farners.ch\/de\/gewachsen-und-geerntet-im-wallis-genossen-in-der-ganzen-schweiz\/\" \/>\n<meta property=\"og:site_name\" content=\"Farner\u2019s\" \/>\n<meta property=\"article:published_time\" content=\"2022-07-06T13:44:09+00:00\" \/>\n<meta property=\"article:modified_time\" content=\"2022-07-26T14:11:54+00:00\" \/>\n<meta property=\"og:image\" content=\"https:\/\/farners.ch\/wp-content\/uploads\/2021\/01\/stimmungsbild_rechts_aprikosen.jpg\" \/>\n\t<meta property=\"og:image:width\" content=\"1050\" \/>\n\t<meta property=\"og:image:height\" content=\"794\" \/>\n\t<meta property=\"og:image:type\" content=\"image\/jpeg\" \/>\n<meta name=\"author\" content=\"Simone Riesen\" \/>\n<meta name=\"twitter:card\" content=\"summary_large_image\" \/>\n<meta name=\"twitter:label1\" content=\"Geschrieben von\" \/>\n\t<meta name=\"twitter:data1\" content=\"Simone Riesen\" \/>\n\t<meta name=\"twitter:label2\" content=\"Gesch\u00e4tzte Lesezeit\" \/>\n\t<meta name=\"twitter:data2\" content=\"4\u00a0Minuten\" \/>\n<script type=\"application\/ld+json\" class=\"yoast-schema-graph\">{\"@context\":\"https:\\\/\\\/schema.org\",\"@graph\":[{\"@type\":\"Article\",\"@id\":\"https:\\\/\\\/farners.ch\\\/de\\\/gewachsen-und-geerntet-im-wallis-genossen-in-der-ganzen-schweiz\\\/#article\",\"isPartOf\":{\"@id\":\"https:\\\/\\\/farners.ch\\\/de\\\/gewachsen-und-geerntet-im-wallis-genossen-in-der-ganzen-schweiz\\\/\"},\"author\":{\"name\":\"Simone Riesen\",\"@id\":\"https:\\\/\\\/farners.ch\\\/de\\\/#\\\/schema\\\/person\\\/f13fef65c9ab443b2bea527ab8e462f0\"},\"headline\":\"Gewachsen und geerntet im Wallis, genossen in der ganzen Schweiz\",\"datePublished\":\"2022-07-06T13:44:09+00:00\",\"dateModified\":\"2022-07-26T14:11:54+00:00\",\"mainEntityOfPage\":{\"@id\":\"https:\\\/\\\/farners.ch\\\/de\\\/gewachsen-und-geerntet-im-wallis-genossen-in-der-ganzen-schweiz\\\/\"},\"wordCount\":925,\"publisher\":{\"@id\":\"https:\\\/\\\/farners.ch\\\/de\\\/#organization\"},\"image\":{\"@id\":\"https:\\\/\\\/farners.ch\\\/de\\\/gewachsen-und-geerntet-im-wallis-genossen-in-der-ganzen-schweiz\\\/#primaryimage\"},\"thumbnailUrl\":\"https:\\\/\\\/farners.ch\\\/wp-content\\\/uploads\\\/2021\\\/01\\\/stimmungsbild_rechts_aprikosen.jpg\",\"articleSection\":[\"News\"],\"inLanguage\":\"de\"},{\"@type\":\"WebPage\",\"@id\":\"https:\\\/\\\/farners.ch\\\/de\\\/gewachsen-und-geerntet-im-wallis-genossen-in-der-ganzen-schweiz\\\/\",\"url\":\"https:\\\/\\\/farners.ch\\\/de\\\/gewachsen-und-geerntet-im-wallis-genossen-in-der-ganzen-schweiz\\\/\",\"name\":\"Gewachsen und geerntet im Wallis, genossen in der ganzen Schweiz &#8211; Farner\u2019s\",\"isPartOf\":{\"@id\":\"https:\\\/\\\/farners.ch\\\/de\\\/#website\"},\"primaryImageOfPage\":{\"@id\":\"https:\\\/\\\/farners.ch\\\/de\\\/gewachsen-und-geerntet-im-wallis-genossen-in-der-ganzen-schweiz\\\/#primaryimage\"},\"image\":{\"@id\":\"https:\\\/\\\/farners.ch\\\/de\\\/gewachsen-und-geerntet-im-wallis-genossen-in-der-ganzen-schweiz\\\/#primaryimage\"},\"thumbnailUrl\":\"https:\\\/\\\/farners.ch\\\/wp-content\\\/uploads\\\/2021\\\/01\\\/stimmungsbild_rechts_aprikosen.jpg\",\"datePublished\":\"2022-07-06T13:44:09+00:00\",\"dateModified\":\"2022-07-26T14:11:54+00:00\",\"breadcrumb\":{\"@id\":\"https:\\\/\\\/farners.ch\\\/de\\\/gewachsen-und-geerntet-im-wallis-genossen-in-der-ganzen-schweiz\\\/#breadcrumb\"},\"inLanguage\":\"de\",\"potentialAction\":[{\"@type\":\"ReadAction\",\"target\":[\"https:\\\/\\\/farners.ch\\\/de\\\/gewachsen-und-geerntet-im-wallis-genossen-in-der-ganzen-schweiz\\\/\"]}]},{\"@type\":\"ImageObject\",\"inLanguage\":\"de\",\"@id\":\"https:\\\/\\\/farners.ch\\\/de\\\/gewachsen-und-geerntet-im-wallis-genossen-in-der-ganzen-schweiz\\\/#primaryimage\",\"url\":\"https:\\\/\\\/farners.ch\\\/wp-content\\\/uploads\\\/2021\\\/01\\\/stimmungsbild_rechts_aprikosen.jpg\",\"contentUrl\":\"https:\\\/\\\/farners.ch\\\/wp-content\\\/uploads\\\/2021\\\/01\\\/stimmungsbild_rechts_aprikosen.jpg\",\"width\":1050,\"height\":794,\"caption\":\"Aprikosen\"},{\"@type\":\"BreadcrumbList\",\"@id\":\"https:\\\/\\\/farners.ch\\\/de\\\/gewachsen-und-geerntet-im-wallis-genossen-in-der-ganzen-schweiz\\\/#breadcrumb\",\"itemListElement\":[{\"@type\":\"ListItem\",\"position\":1,\"name\":\"Startseite\",\"item\":\"https:\\\/\\\/farners.ch\\\/de\\\/\"},{\"@type\":\"ListItem\",\"position\":2,\"name\":\"Gewachsen und geerntet im Wallis, genossen in der ganzen Schweiz\"}]},{\"@type\":\"WebSite\",\"@id\":\"https:\\\/\\\/farners.ch\\\/de\\\/#website\",\"url\":\"https:\\\/\\\/farners.ch\\\/de\\\/\",\"name\":\"Farner\u2019s\",\"description\":\"Agrarhandel\",\"publisher\":{\"@id\":\"https:\\\/\\\/farners.ch\\\/de\\\/#organization\"},\"potentialAction\":[{\"@type\":\"SearchAction\",\"target\":{\"@type\":\"EntryPoint\",\"urlTemplate\":\"https:\\\/\\\/farners.ch\\\/de\\\/?s={search_term_string}\"},\"query-input\":{\"@type\":\"PropertyValueSpecification\",\"valueRequired\":true,\"valueName\":\"search_term_string\"}}],\"inLanguage\":\"de\"},{\"@type\":\"Organization\",\"@id\":\"https:\\\/\\\/farners.ch\\\/de\\\/#organization\",\"name\":\"Farner\u2019s\",\"url\":\"https:\\\/\\\/farners.ch\\\/de\\\/\",\"logo\":{\"@type\":\"ImageObject\",\"inLanguage\":\"de\",\"@id\":\"https:\\\/\\\/farners.ch\\\/de\\\/#\\\/schema\\\/logo\\\/image\\\/\",\"url\":\"https:\\\/\\\/farners.ch\\\/wp-content\\\/uploads\\\/2020\\\/12\\\/farners_logo_positiv.png\",\"contentUrl\":\"https:\\\/\\\/farners.ch\\\/wp-content\\\/uploads\\\/2020\\\/12\\\/farners_logo_positiv.png\",\"width\":318,\"height\":86,\"caption\":\"Farner\u2019s\"},\"image\":{\"@id\":\"https:\\\/\\\/farners.ch\\\/de\\\/#\\\/schema\\\/logo\\\/image\\\/\"}},{\"@type\":\"Person\",\"@id\":\"https:\\\/\\\/farners.ch\\\/de\\\/#\\\/schema\\\/person\\\/f13fef65c9ab443b2bea527ab8e462f0\",\"name\":\"Simone Riesen\",\"image\":{\"@type\":\"ImageObject\",\"inLanguage\":\"de\",\"@id\":\"https:\\\/\\\/secure.gravatar.com\\\/avatar\\\/f507ee6b91f2944ca08e920056b60c9db006016b73072e39705c01fa1315ec94?s=96&d=mm&r=g\",\"url\":\"https:\\\/\\\/secure.gravatar.com\\\/avatar\\\/f507ee6b91f2944ca08e920056b60c9db006016b73072e39705c01fa1315ec94?s=96&d=mm&r=g\",\"contentUrl\":\"https:\\\/\\\/secure.gravatar.com\\\/avatar\\\/f507ee6b91f2944ca08e920056b60c9db006016b73072e39705c01fa1315ec94?s=96&d=mm&r=g\",\"caption\":\"Simone Riesen\"}}]}<\/script>\n<!-- \/ Yoast SEO plugin. -->","yoast_head_json":{"title":"Gewachsen und geerntet im Wallis, genossen in der ganzen Schweiz &#8211; Farner\u2019s","robots":{"index":"index","follow":"follow","max-snippet":"max-snippet:-1","max-image-preview":"max-image-preview:large","max-video-preview":"max-video-preview:-1"},"canonical":"https:\/\/farners.ch\/de\/gewachsen-und-geerntet-im-wallis-genossen-in-der-ganzen-schweiz\/","og_locale":"de_DE","og_type":"article","og_title":"Gewachsen und geerntet im Wallis, genossen in der ganzen Schweiz &#8211; Farner\u2019s","og_description":"Wir erfreuen uns t\u00e4glich an der ausgezeichneten Qualit\u00e4t der diesj\u00e4hrigen Walliser Aprikosen. Dank steigender Erntemengen ist nun der Markt vollst\u00e4ndig mit einheimischen Aprikosen gedeckt. Auch Bio-Aprikosen k\u00f6nnen in guten Mengen geerntet und vertrieben werden. Die Ernte von Bio-Heidelbeeren verl\u00e4uft auch erfreulich mit sehr guter Beerenqualit\u00e4t.","og_url":"https:\/\/farners.ch\/de\/gewachsen-und-geerntet-im-wallis-genossen-in-der-ganzen-schweiz\/","og_site_name":"Farner\u2019s","article_published_time":"2022-07-06T13:44:09+00:00","article_modified_time":"2022-07-26T14:11:54+00:00","og_image":[{"width":1050,"height":794,"url":"https:\/\/farners.ch\/wp-content\/uploads\/2021\/01\/stimmungsbild_rechts_aprikosen.jpg","type":"image\/jpeg"}],"author":"Simone Riesen","twitter_card":"summary_large_image","twitter_misc":{"Geschrieben von":"Simone Riesen","Gesch\u00e4tzte Lesezeit":"4\u00a0Minuten"},"schema":{"@context":"https:\/\/schema.org","@graph":[{"@type":"Article","@id":"https:\/\/farners.ch\/de\/gewachsen-und-geerntet-im-wallis-genossen-in-der-ganzen-schweiz\/#article","isPartOf":{"@id":"https:\/\/farners.ch\/de\/gewachsen-und-geerntet-im-wallis-genossen-in-der-ganzen-schweiz\/"},"author":{"name":"Simone Riesen","@id":"https:\/\/farners.ch\/de\/#\/schema\/person\/f13fef65c9ab443b2bea527ab8e462f0"},"headline":"Gewachsen und geerntet im Wallis, genossen in der ganzen Schweiz","datePublished":"2022-07-06T13:44:09+00:00","dateModified":"2022-07-26T14:11:54+00:00","mainEntityOfPage":{"@id":"https:\/\/farners.ch\/de\/gewachsen-und-geerntet-im-wallis-genossen-in-der-ganzen-schweiz\/"},"wordCount":925,"publisher":{"@id":"https:\/\/farners.ch\/de\/#organization"},"image":{"@id":"https:\/\/farners.ch\/de\/gewachsen-und-geerntet-im-wallis-genossen-in-der-ganzen-schweiz\/#primaryimage"},"thumbnailUrl":"https:\/\/farners.ch\/wp-content\/uploads\/2021\/01\/stimmungsbild_rechts_aprikosen.jpg","articleSection":["News"],"inLanguage":"de"},{"@type":"WebPage","@id":"https:\/\/farners.ch\/de\/gewachsen-und-geerntet-im-wallis-genossen-in-der-ganzen-schweiz\/","url":"https:\/\/farners.ch\/de\/gewachsen-und-geerntet-im-wallis-genossen-in-der-ganzen-schweiz\/","name":"Gewachsen und geerntet im Wallis, genossen in der ganzen Schweiz &#8211; Farner\u2019s","isPartOf":{"@id":"https:\/\/farners.ch\/de\/#website"},"primaryImageOfPage":{"@id":"https:\/\/farners.ch\/de\/gewachsen-und-geerntet-im-wallis-genossen-in-der-ganzen-schweiz\/#primaryimage"},"image":{"@id":"https:\/\/farners.ch\/de\/gewachsen-und-geerntet-im-wallis-genossen-in-der-ganzen-schweiz\/#primaryimage"},"thumbnailUrl":"https:\/\/farners.ch\/wp-content\/uploads\/2021\/01\/stimmungsbild_rechts_aprikosen.jpg","datePublished":"2022-07-06T13:44:09+00:00","dateModified":"2022-07-26T14:11:54+00:00","breadcrumb":{"@id":"https:\/\/farners.ch\/de\/gewachsen-und-geerntet-im-wallis-genossen-in-der-ganzen-schweiz\/#breadcrumb"},"inLanguage":"de","potentialAction":[{"@type":"ReadAction","target":["https:\/\/farners.ch\/de\/gewachsen-und-geerntet-im-wallis-genossen-in-der-ganzen-schweiz\/"]}]},{"@type":"ImageObject","inLanguage":"de","@id":"https:\/\/farners.ch\/de\/gewachsen-und-geerntet-im-wallis-genossen-in-der-ganzen-schweiz\/#primaryimage","url":"https:\/\/farners.ch\/wp-content\/uploads\/2021\/01\/stimmungsbild_rechts_aprikosen.jpg","contentUrl":"https:\/\/farners.ch\/wp-content\/uploads\/2021\/01\/stimmungsbild_rechts_aprikosen.jpg","width":1050,"height":794,"caption":"Aprikosen"},{"@type":"BreadcrumbList","@id":"https:\/\/farners.ch\/de\/gewachsen-und-geerntet-im-wallis-genossen-in-der-ganzen-schweiz\/#breadcrumb","itemListElement":[{"@type":"ListItem","position":1,"name":"Startseite","item":"https:\/\/farners.ch\/de\/"},{"@type":"ListItem","position":2,"name":"Gewachsen und geerntet im Wallis, genossen in der ganzen Schweiz"}]},{"@type":"WebSite","@id":"https:\/\/farners.ch\/de\/#website","url":"https:\/\/farners.ch\/de\/","name":"Farner\u2019s","description":"Agrarhandel","publisher":{"@id":"https:\/\/farners.ch\/de\/#organization"},"potentialAction":[{"@type":"SearchAction","target":{"@type":"EntryPoint","urlTemplate":"https:\/\/farners.ch\/de\/?s={search_term_string}"},"query-input":{"@type":"PropertyValueSpecification","valueRequired":true,"valueName":"search_term_string"}}],"inLanguage":"de"},{"@type":"Organization","@id":"https:\/\/farners.ch\/de\/#organization","name":"Farner\u2019s","url":"https:\/\/farners.ch\/de\/","logo":{"@type":"ImageObject","inLanguage":"de","@id":"https:\/\/farners.ch\/de\/#\/schema\/logo\/image\/","url":"https:\/\/farners.ch\/wp-content\/uploads\/2020\/12\/farners_logo_positiv.png","contentUrl":"https:\/\/farners.ch\/wp-content\/uploads\/2020\/12\/farners_logo_positiv.png","width":318,"height":86,"caption":"Farner\u2019s"},"image":{"@id":"https:\/\/farners.ch\/de\/#\/schema\/logo\/image\/"}},{"@type":"Person","@id":"https:\/\/farners.ch\/de\/#\/schema\/person\/f13fef65c9ab443b2bea527ab8e462f0","name":"Simone Riesen","image":{"@type":"ImageObject","inLanguage":"de","@id":"https:\/\/secure.gravatar.com\/avatar\/f507ee6b91f2944ca08e920056b60c9db006016b73072e39705c01fa1315ec94?s=96&d=mm&r=g","url":"https:\/\/secure.gravatar.com\/avatar\/f507ee6b91f2944ca08e920056b60c9db006016b73072e39705c01fa1315ec94?s=96&d=mm&r=g","contentUrl":"https:\/\/secure.gravatar.com\/avatar\/f507ee6b91f2944ca08e920056b60c9db006016b73072e39705c01fa1315ec94?s=96&d=mm&r=g","caption":"Simone Riesen"}}]}},"_links":{"self":[{"href":"https:\/\/farners.ch\/de\/wp-json\/wp\/v2\/posts\/3197","targetHints":{"allow":["GET"]}}],"collection":[{"href":"https:\/\/farners.ch\/de\/wp-json\/wp\/v2\/posts"}],"about":[{"href":"https:\/\/farners.ch\/de\/wp-json\/wp\/v2\/types\/post"}],"author":[{"embeddable":true,"href":"https:\/\/farners.ch\/de\/wp-json\/wp\/v2\/users\/7"}],"replies":[{"embeddable":true,"href":"https:\/\/farners.ch\/de\/wp-json\/wp\/v2\/comments?post=3197"}],"version-history":[{"count":4,"href":"https:\/\/farners.ch\/de\/wp-json\/wp\/v2\/posts\/3197\/revisions"}],"predecessor-version":[{"id":3202,"href":"https:\/\/farners.ch\/de\/wp-json\/wp\/v2\/posts\/3197\/revisions\/3202"}],"wp:featuredmedia":[{"embeddable":true,"href":"https:\/\/farners.ch\/de\/wp-json\/wp\/v2\/media\/1203"}],"wp:attachment":[{"href":"https:\/\/farners.ch\/de\/wp-json\/wp\/v2\/media?parent=3197"}],"wp:term":[{"taxonomy":"category","embeddable":true,"href":"https:\/\/farners.ch\/de\/wp-json\/wp\/v2\/categories?post=3197"},{"taxonomy":"post_tag","embeddable":true,"href":"https:\/\/farners.ch\/de\/wp-json\/wp\/v2\/tags?post=3197"}],"curies":[{"name":"wp","href":"https:\/\/api.w.org\/{rel}","templated":true}]}}