{"id":3218,"date":"2022-07-27T09:02:33","date_gmt":"2022-07-27T09:02:33","guid":{"rendered":"https:\/\/farners.ch\/?p=3218"},"modified":"2022-07-27T09:18:31","modified_gmt":"2022-07-27T09:18:31","slug":"walliser-aprikosengenuss-bis-weit-in-den-august-hinein","status":"publish","type":"post","link":"https:\/\/farners.ch\/de\/walliser-aprikosengenuss-bis-weit-in-den-august-hinein\/","title":{"rendered":"Walliser Aprikosengenuss bis weit in den August hinein"},"content":{"rendered":"<div class=\"wpb-content-wrapper\"><p>[vc_row row_height_percent=&#8220;0&#8243; override_padding=&#8220;yes&#8220; h_padding=&#8220;2&#8243; top_padding=&#8220;0&#8243; bottom_padding=&#8220;0&#8243; overlay_alpha=&#8220;50&#8243; gutter_size=&#8220;3&#8243; column_width_percent=&#8220;100&#8243; shift_y=&#8220;0&#8243; z_index=&#8220;0&#8243; desktop_visibility=&#8220;yes&#8220; medium_visibility=&#8220;yes&#8220; el_class=&#8220;neunerblock_top no_bottom&#8220; css=&#8220;.vc_custom_1609777159931{margin-top: -6px !important;margin-bottom: -14px !important;padding-top: 0px !important;padding-bottom: 0px !important;}&#8220;][vc_column column_width_percent=&#8220;100&#8243; gutter_size=&#8220;3&#8243; overlay_alpha=&#8220;50&#8243; shift_x=&#8220;0&#8243; shift_y=&#8220;0&#8243; shift_y_down=&#8220;0&#8243; z_index=&#8220;0&#8243; medium_width=&#8220;0&#8243; mobile_width=&#8220;0&#8243; width=&#8220;1\/1&#8243; el_class=&#8220;no_bottom&#8220;][\/vc_column][\/vc_row][vc_row row_height_percent=&#8220;0&#8243; override_padding=&#8220;yes&#8220; h_padding=&#8220;2&#8243; top_padding=&#8220;0&#8243; bottom_padding=&#8220;0&#8243; overlay_alpha=&#8220;50&#8243; gutter_size=&#8220;3&#8243; column_width_percent=&#8220;100&#8243; shift_y=&#8220;0&#8243; z_index=&#8220;0&#8243; css=&#8220;.vc_custom_1610122507316{margin-top: 0px !important;margin-bottom: 0px !important;padding-top: 0px !important;padding-bottom: 36px !important;}&#8220;][vc_column column_width_percent=&#8220;70&#8243; align_horizontal=&#8220;align_center&#8220; gutter_size=&#8220;3&#8243; overlay_alpha=&#8220;50&#8243; shift_x=&#8220;0&#8243; shift_y=&#8220;0&#8243; shift_y_down=&#8220;0&#8243; z_index=&#8220;0&#8243; medium_width=&#8220;0&#8243; mobile_width=&#8220;0&#8243; width=&#8220;1\/1&#8243;][vc_column_text el_class=&#8220;zab_groesser&#8220; uncode_shortcode_id=&#8220;153307&#8243;]<\/p>\n<h2><strong>Walliser Aprikosengenuss bis weit in den August hinein<\/strong><\/h2>\n<p>[\/vc_column_text][\/vc_column][\/vc_row][vc_row row_height_percent=&#8220;0&#8243; override_padding=&#8220;yes&#8220; h_padding=&#8220;2&#8243; top_padding=&#8220;0&#8243; bottom_padding=&#8220;0&#8243; overlay_alpha=&#8220;50&#8243; gutter_size=&#8220;3&#8243; column_width_percent=&#8220;100&#8243; shift_y=&#8220;0&#8243; z_index=&#8220;0&#8243; uncode_shortcode_id=&#8220;148969&#8243; css=&#8220;.vc_custom_1656343249014{margin-top: 0px !important;margin-bottom: 0px !important;padding-top: 0px !important;padding-bottom: 50px !important;}&#8220;][vc_column column_width_percent=&#8220;70&#8243; align_horizontal=&#8220;align_center&#8220; gutter_size=&#8220;3&#8243; overlay_alpha=&#8220;50&#8243; shift_x=&#8220;0&#8243; shift_y=&#8220;0&#8243; shift_y_down=&#8220;0&#8243; z_index=&#8220;0&#8243; medium_width=&#8220;0&#8243; mobile_width=&#8220;0&#8243; width=&#8220;1\/1&#8243; uncode_shortcode_id=&#8220;668042&#8243;][vc_column_text uncode_shortcode_id=&#8220;782195&#8243;]Die Erntespitze der Aprikosen ist durch &#8211; die Qualit\u00e4t bleibt aber weiterhin sehr gut. Wir k\u00f6nnen noch immer das volle Sortiment an Aprikosensorten anbieten, voraussichtlich bis weit in den August hinein.<\/p>\n<p>Wir haben aktuell auch k\u00f6stliche Bio-Brombeeren im Angebot, wobei das Sortiment ab n\u00e4chster Woche auch Bio-Himbeeren umfassen wird.<\/p>\n<p>Wir gehen mit unserem Newsletter nun zwei Wochen in die Sommerpause und freuen uns darauf, Sie danach wieder auf diesem Wege informiert zu halten. Bei Fragen sind wir \u00fcber die \u00fcblichen Kan\u00e4le erreichbar.[\/vc_column_text][\/vc_column][\/vc_row][vc_row row_height_percent=&#8220;0&#8243; override_padding=&#8220;yes&#8220; h_padding=&#8220;2&#8243; top_padding=&#8220;0&#8243; bottom_padding=&#8220;0&#8243; back_color=&#8220;color-181039&#8243; overlay_alpha=&#8220;50&#8243; gutter_size=&#8220;3&#8243; column_width_percent=&#8220;100&#8243; shift_y=&#8220;0&#8243; z_index=&#8220;0&#8243; uncode_shortcode_id=&#8220;827550&#8243; back_color_type=&#8220;uncode-palette&#8220; css=&#8220;.vc_custom_1656343205600{margin-top: 0px !important;margin-bottom: 0px !important;padding-top: 50px !important;padding-bottom: 50px !important;}&#8220;][vc_column width=&#8220;1\/2&#8243;][vc_single_image media=&#8220;1114&#8243; media_width_percent=&#8220;100&#8243; uncode_shortcode_id=&#8220;739777&#8243;][\/vc_column][vc_column column_width_percent=&#8220;76&#8243; gutter_size=&#8220;3&#8243; overlay_alpha=&#8220;50&#8243; shift_x=&#8220;0&#8243; shift_y=&#8220;0&#8243; shift_y_down=&#8220;0&#8243; z_index=&#8220;0&#8243; medium_width=&#8220;0&#8243; mobile_width=&#8220;0&#8243; width=&#8220;1\/2&#8243; uncode_shortcode_id=&#8220;901580&#8243;][vc_column_text uncode_shortcode_id=&#8220;453047&#8243;]<\/p>\n<h3>Aprikosen<\/h3>\n<h4>Erntesituation und -prognosen<\/h4>\n<p>Die Erntespitze ist in allen Regionen durch und die Erntemengen nehmen nun ab. Die Qualit\u00e4t ist weiterhin sehr gut, allerdings sind bei einigen Sorten br\u00e4unliche Flecken aufgetreten an der Verkaufsfront. Vermutlich steht dies in Zusammenhang mit der grossen Hitze der letzten Wochen. Aufgrund der Wetterlage hat die IFELV (Interprofession Fruits et L\u00e9gumes du Valais) die Ernteprognosen f\u00fcr diese Aprikosensaison auf 6&#8217;251 t nach unten korrigiert.<\/p>\n<h4>Marktsituation<\/h4>\n<p>Gem\u00e4ss SOV (Schweizer Obstverband) befinden sich diese Woche (KW30) ca. 600 t Aprikosen im Angebot. Das inl\u00e4ndische Angebot deckt weiterhin die Marktnachfrage. Bisher wurden mit knapp 3&#8217;900 t ca. 73% des gesamten Verkaufsvolumens verkauft.<\/p>\n<p>Unser Angebot f\u00fcr die KW30 umfasst Marylord, Harval, Tardif de Tain, Tardif de Valence, Swired, Ladycot, Harogem, Bergeron, Bergarouge, Kioto, Anegat, Digat.<\/p>\n<h4>Wussten Sie, dass&#8230;<\/h4>\n<p>&#8230; eine Aprikose pro 100 g nur 47 Kalorien hat? Dank ihrem hohen Gehalt an Antioxidantien hat sie zudem einen gl\u00e4ttenden Effekt f\u00fcr die Haut.[\/vc_column_text][\/vc_column][\/vc_row][vc_row row_height_percent=&#8220;0&#8243; override_padding=&#8220;yes&#8220; h_padding=&#8220;2&#8243; top_padding=&#8220;0&#8243; bottom_padding=&#8220;0&#8243; overlay_alpha=&#8220;50&#8243; gutter_size=&#8220;3&#8243; column_width_percent=&#8220;100&#8243; shift_y=&#8220;0&#8243; z_index=&#8220;0&#8243; inverted_device_order=&#8220;yes&#8220; uncode_shortcode_id=&#8220;211816&#8243; css=&#8220;.vc_custom_1656343974579{margin-top: 0px !important;margin-bottom: 0px !important;padding-top: 50px !important;padding-bottom: 50px !important;}&#8220;][vc_column column_width_percent=&#8220;78&#8243; gutter_size=&#8220;3&#8243; overlay_alpha=&#8220;50&#8243; shift_x=&#8220;0&#8243; shift_y=&#8220;0&#8243; shift_y_down=&#8220;0&#8243; z_index=&#8220;0&#8243; medium_width=&#8220;0&#8243; mobile_width=&#8220;0&#8243; width=&#8220;1\/2&#8243; uncode_shortcode_id=&#8220;557705&#8243;][vc_column_text uncode_shortcode_id=&#8220;210121&#8243;]<\/p>\n<h3>Bio-Himbeeren<\/h3>\n<p>Ab n\u00e4chster Woche (KW31) sind die ersten Herbsthimbeeren in Bio-Qualit\u00e4t verf\u00fcgbar. Die Prognosen sagen eine gute bis sehr gute Qualit\u00e4t voraus in der Hoffnung, dass das Wetter der kommenden Wochen keinen negativen Einfluss haben wird.[\/vc_column_text][\/vc_column][vc_column width=&#8220;1\/2&#8243;][vc_single_image media=&#8220;1361&#8243; media_width_percent=&#8220;100&#8243; uncode_shortcode_id=&#8220;185597&#8243;][\/vc_column][\/vc_row][vc_row row_height_percent=&#8220;0&#8243; override_padding=&#8220;yes&#8220; h_padding=&#8220;2&#8243; top_padding=&#8220;0&#8243; bottom_padding=&#8220;0&#8243; overlay_alpha=&#8220;50&#8243; gutter_size=&#8220;3&#8243; column_width_percent=&#8220;100&#8243; shift_y=&#8220;0&#8243; z_index=&#8220;0&#8243; inverted_device_order=&#8220;yes&#8220; uncode_shortcode_id=&#8220;211816&#8243; css=&#8220;.vc_custom_1656343974579{margin-top: 0px !important;margin-bottom: 0px !important;padding-top: 50px !important;padding-bottom: 50px !important;}&#8220;][vc_column width=&#8220;1\/2&#8243;][vc_single_image media=&#8220;3191&#8243; media_width_percent=&#8220;100&#8243; uncode_shortcode_id=&#8220;194090&#8243;][\/vc_column][vc_column column_width_percent=&#8220;78&#8243; gutter_size=&#8220;3&#8243; overlay_alpha=&#8220;50&#8243; shift_x=&#8220;0&#8243; shift_y=&#8220;0&#8243; shift_y_down=&#8220;0&#8243; z_index=&#8220;0&#8243; medium_width=&#8220;0&#8243; mobile_width=&#8220;0&#8243; width=&#8220;1\/2&#8243; uncode_shortcode_id=&#8220;557705&#8243;][vc_column_text uncode_shortcode_id=&#8220;136651&#8243;]<\/p>\n<h3><strong>Bio-Brombeeren<\/strong><\/h3>\n<p>Aktuell haben wir k\u00f6stliche Bio-Brombeeren im Angebot. \u00dcberzeugen Sie sich und Ihre Kund:innen von der hervorragenden Qualit\u00e4t![\/vc_column_text][\/vc_column][\/vc_row][vc_row row_height_percent=&#8220;0&#8243; override_padding=&#8220;yes&#8220; h_padding=&#8220;2&#8243; top_padding=&#8220;0&#8243; bottom_padding=&#8220;0&#8243; back_color=&#8220;color-289496&#8243; overlay_alpha=&#8220;50&#8243; gutter_size=&#8220;3&#8243; column_width_percent=&#8220;100&#8243; shift_y=&#8220;0&#8243; z_index=&#8220;0&#8243; uncode_shortcode_id=&#8220;411244&#8243; css=&#8220;.vc_custom_1656344942340{margin-top: 0px !important;margin-bottom: 0px !important;padding-top: 50px !important;padding-bottom: 50px !important;}&#8220; back_color_type=&#8220;uncode-palette&#8220;][vc_column column_width_percent=&#8220;70&#8243; align_horizontal=&#8220;align_center&#8220; gutter_size=&#8220;3&#8243; style=&#8220;dark&#8220; overlay_alpha=&#8220;50&#8243; shift_x=&#8220;0&#8243; shift_y=&#8220;0&#8243; shift_y_down=&#8220;0&#8243; z_index=&#8220;0&#8243; medium_width=&#8220;0&#8243; mobile_width=&#8220;0&#8243; width=&#8220;1\/1&#8243; uncode_shortcode_id=&#8220;392327&#8243;][vc_column_text uncode_shortcode_id=&#8220;122561&#8243;]<\/p>\n<h3>Farner&#8217;s<\/h3>\n<p>Wir vermarkten Walliser Aprikosen, Schweizer Steinobst, Kernobst und Beeren. Mit unseren 30 Jahren Erfahrung, unserem breiten Netzwerk und agilen Team sind wir Ihr Sparringpartner f\u00fcr frische Agrarprodukte.<\/p>\n<h3>Kontaktdaten f\u00fcr Bestellungen und Anfragen<\/h3>\n<p>Haupttelefonnummer: +41 (0)52 740 27 62<\/p>\n<p>E-Mail: info@farners.ch<\/p>\n<p>[\/vc_column_text][\/vc_column][\/vc_row]<\/p>\n<\/div>","protected":false},"excerpt":{"rendered":"<p>Die Erntespitze ist durch &#8211; die Qualit\u00e4t bleibt aber weiterhin sehr gut. Wir k\u00f6nnen noch immer das volle Sortiment an Aprikosensorten anbieten, voraussichtlich bis weit in den August hinein. Wir bieten aktuell auch k\u00f6stliche Bio-Brombeeren und -Himbeeren an.<\/p>\n","protected":false},"author":7,"featured_media":3225,"comment_status":"closed","ping_status":"closed","sticky":false,"template":"","format":"standard","meta":{"footnotes":""},"categories":[30],"tags":[],"class_list":["post-3218","post","type-post","status-publish","format-standard","has-post-thumbnail","hentry","category-news"],"yoast_head":"<!-- This site is optimized with the Yoast SEO plugin v27.4 - https:\/\/yoast.com\/product\/yoast-seo-wordpress\/ -->\n<title>Walliser Aprikosengenuss bis weit in den August hinein &#8211; Farner\u2019s<\/title>\n<meta name=\"robots\" content=\"index, follow, max-snippet:-1, max-image-preview:large, max-video-preview:-1\" \/>\n<link rel=\"canonical\" href=\"https:\/\/farners.ch\/de\/walliser-aprikosengenuss-bis-weit-in-den-august-hinein\/\" \/>\n<meta property=\"og:locale\" content=\"de_DE\" \/>\n<meta property=\"og:type\" content=\"article\" \/>\n<meta property=\"og:title\" content=\"Walliser Aprikosengenuss bis weit in den August hinein &#8211; Farner\u2019s\" \/>\n<meta property=\"og:description\" content=\"Die Erntespitze ist durch - die Qualit\u00e4t bleibt aber weiterhin sehr gut. Wir k\u00f6nnen noch immer das volle Sortiment an Aprikosensorten anbieten, voraussichtlich bis weit in den August hinein. Wir bieten aktuell auch k\u00f6stliche Bio-Brombeeren und -Himbeeren an.\" \/>\n<meta property=\"og:url\" content=\"https:\/\/farners.ch\/de\/walliser-aprikosengenuss-bis-weit-in-den-august-hinein\/\" \/>\n<meta property=\"og:site_name\" content=\"Farner\u2019s\" \/>\n<meta property=\"article:published_time\" content=\"2022-07-27T09:02:33+00:00\" \/>\n<meta property=\"article:modified_time\" content=\"2022-07-27T09:18:31+00:00\" \/>\n<meta property=\"og:image\" content=\"https:\/\/farners.ch\/wp-content\/uploads\/2022\/07\/pexels-lumn-1028599-min-scaled.jpg\" \/>\n\t<meta property=\"og:image:width\" content=\"2560\" \/>\n\t<meta property=\"og:image:height\" content=\"1707\" \/>\n\t<meta property=\"og:image:type\" content=\"image\/jpeg\" \/>\n<meta name=\"author\" content=\"Simone Riesen\" \/>\n<meta name=\"twitter:card\" content=\"summary_large_image\" \/>\n<meta name=\"twitter:label1\" content=\"Geschrieben von\" \/>\n\t<meta name=\"twitter:data1\" content=\"Simone Riesen\" \/>\n\t<meta name=\"twitter:label2\" content=\"Gesch\u00e4tzte Lesezeit\" \/>\n\t<meta name=\"twitter:data2\" content=\"4\u00a0Minuten\" \/>\n<script type=\"application\/ld+json\" class=\"yoast-schema-graph\">{\"@context\":\"https:\\\/\\\/schema.org\",\"@graph\":[{\"@type\":\"Article\",\"@id\":\"https:\\\/\\\/farners.ch\\\/de\\\/walliser-aprikosengenuss-bis-weit-in-den-august-hinein\\\/#article\",\"isPartOf\":{\"@id\":\"https:\\\/\\\/farners.ch\\\/de\\\/walliser-aprikosengenuss-bis-weit-in-den-august-hinein\\\/\"},\"author\":{\"name\":\"Simone Riesen\",\"@id\":\"https:\\\/\\\/farners.ch\\\/de\\\/#\\\/schema\\\/person\\\/f13fef65c9ab443b2bea527ab8e462f0\"},\"headline\":\"Walliser Aprikosengenuss bis weit in den August hinein\",\"datePublished\":\"2022-07-27T09:02:33+00:00\",\"dateModified\":\"2022-07-27T09:18:31+00:00\",\"mainEntityOfPage\":{\"@id\":\"https:\\\/\\\/farners.ch\\\/de\\\/walliser-aprikosengenuss-bis-weit-in-den-august-hinein\\\/\"},\"wordCount\":1016,\"publisher\":{\"@id\":\"https:\\\/\\\/farners.ch\\\/de\\\/#organization\"},\"image\":{\"@id\":\"https:\\\/\\\/farners.ch\\\/de\\\/walliser-aprikosengenuss-bis-weit-in-den-august-hinein\\\/#primaryimage\"},\"thumbnailUrl\":\"https:\\\/\\\/farners.ch\\\/wp-content\\\/uploads\\\/2022\\\/07\\\/pexels-lumn-1028599-min-scaled.jpg\",\"articleSection\":[\"News\"],\"inLanguage\":\"de\"},{\"@type\":\"WebPage\",\"@id\":\"https:\\\/\\\/farners.ch\\\/de\\\/walliser-aprikosengenuss-bis-weit-in-den-august-hinein\\\/\",\"url\":\"https:\\\/\\\/farners.ch\\\/de\\\/walliser-aprikosengenuss-bis-weit-in-den-august-hinein\\\/\",\"name\":\"Walliser Aprikosengenuss bis weit in den August hinein &#8211; Farner\u2019s\",\"isPartOf\":{\"@id\":\"https:\\\/\\\/farners.ch\\\/de\\\/#website\"},\"primaryImageOfPage\":{\"@id\":\"https:\\\/\\\/farners.ch\\\/de\\\/walliser-aprikosengenuss-bis-weit-in-den-august-hinein\\\/#primaryimage\"},\"image\":{\"@id\":\"https:\\\/\\\/farners.ch\\\/de\\\/walliser-aprikosengenuss-bis-weit-in-den-august-hinein\\\/#primaryimage\"},\"thumbnailUrl\":\"https:\\\/\\\/farners.ch\\\/wp-content\\\/uploads\\\/2022\\\/07\\\/pexels-lumn-1028599-min-scaled.jpg\",\"datePublished\":\"2022-07-27T09:02:33+00:00\",\"dateModified\":\"2022-07-27T09:18:31+00:00\",\"breadcrumb\":{\"@id\":\"https:\\\/\\\/farners.ch\\\/de\\\/walliser-aprikosengenuss-bis-weit-in-den-august-hinein\\\/#breadcrumb\"},\"inLanguage\":\"de\",\"potentialAction\":[{\"@type\":\"ReadAction\",\"target\":[\"https:\\\/\\\/farners.ch\\\/de\\\/walliser-aprikosengenuss-bis-weit-in-den-august-hinein\\\/\"]}]},{\"@type\":\"ImageObject\",\"inLanguage\":\"de\",\"@id\":\"https:\\\/\\\/farners.ch\\\/de\\\/walliser-aprikosengenuss-bis-weit-in-den-august-hinein\\\/#primaryimage\",\"url\":\"https:\\\/\\\/farners.ch\\\/wp-content\\\/uploads\\\/2022\\\/07\\\/pexels-lumn-1028599-min-scaled.jpg\",\"contentUrl\":\"https:\\\/\\\/farners.ch\\\/wp-content\\\/uploads\\\/2022\\\/07\\\/pexels-lumn-1028599-min-scaled.jpg\",\"width\":2560,\"height\":1707},{\"@type\":\"BreadcrumbList\",\"@id\":\"https:\\\/\\\/farners.ch\\\/de\\\/walliser-aprikosengenuss-bis-weit-in-den-august-hinein\\\/#breadcrumb\",\"itemListElement\":[{\"@type\":\"ListItem\",\"position\":1,\"name\":\"Startseite\",\"item\":\"https:\\\/\\\/farners.ch\\\/de\\\/\"},{\"@type\":\"ListItem\",\"position\":2,\"name\":\"Walliser Aprikosengenuss bis weit in den August hinein\"}]},{\"@type\":\"WebSite\",\"@id\":\"https:\\\/\\\/farners.ch\\\/de\\\/#website\",\"url\":\"https:\\\/\\\/farners.ch\\\/de\\\/\",\"name\":\"Farner\u2019s\",\"description\":\"Agrarhandel\",\"publisher\":{\"@id\":\"https:\\\/\\\/farners.ch\\\/de\\\/#organization\"},\"potentialAction\":[{\"@type\":\"SearchAction\",\"target\":{\"@type\":\"EntryPoint\",\"urlTemplate\":\"https:\\\/\\\/farners.ch\\\/de\\\/?s={search_term_string}\"},\"query-input\":{\"@type\":\"PropertyValueSpecification\",\"valueRequired\":true,\"valueName\":\"search_term_string\"}}],\"inLanguage\":\"de\"},{\"@type\":\"Organization\",\"@id\":\"https:\\\/\\\/farners.ch\\\/de\\\/#organization\",\"name\":\"Farner\u2019s\",\"url\":\"https:\\\/\\\/farners.ch\\\/de\\\/\",\"logo\":{\"@type\":\"ImageObject\",\"inLanguage\":\"de\",\"@id\":\"https:\\\/\\\/farners.ch\\\/de\\\/#\\\/schema\\\/logo\\\/image\\\/\",\"url\":\"https:\\\/\\\/farners.ch\\\/wp-content\\\/uploads\\\/2020\\\/12\\\/farners_logo_positiv.png\",\"contentUrl\":\"https:\\\/\\\/farners.ch\\\/wp-content\\\/uploads\\\/2020\\\/12\\\/farners_logo_positiv.png\",\"width\":318,\"height\":86,\"caption\":\"Farner\u2019s\"},\"image\":{\"@id\":\"https:\\\/\\\/farners.ch\\\/de\\\/#\\\/schema\\\/logo\\\/image\\\/\"}},{\"@type\":\"Person\",\"@id\":\"https:\\\/\\\/farners.ch\\\/de\\\/#\\\/schema\\\/person\\\/f13fef65c9ab443b2bea527ab8e462f0\",\"name\":\"Simone Riesen\",\"image\":{\"@type\":\"ImageObject\",\"inLanguage\":\"de\",\"@id\":\"https:\\\/\\\/secure.gravatar.com\\\/avatar\\\/f507ee6b91f2944ca08e920056b60c9db006016b73072e39705c01fa1315ec94?s=96&d=mm&r=g\",\"url\":\"https:\\\/\\\/secure.gravatar.com\\\/avatar\\\/f507ee6b91f2944ca08e920056b60c9db006016b73072e39705c01fa1315ec94?s=96&d=mm&r=g\",\"contentUrl\":\"https:\\\/\\\/secure.gravatar.com\\\/avatar\\\/f507ee6b91f2944ca08e920056b60c9db006016b73072e39705c01fa1315ec94?s=96&d=mm&r=g\",\"caption\":\"Simone Riesen\"}}]}<\/script>\n<!-- \/ Yoast SEO plugin. -->","yoast_head_json":{"title":"Walliser Aprikosengenuss bis weit in den August hinein &#8211; Farner\u2019s","robots":{"index":"index","follow":"follow","max-snippet":"max-snippet:-1","max-image-preview":"max-image-preview:large","max-video-preview":"max-video-preview:-1"},"canonical":"https:\/\/farners.ch\/de\/walliser-aprikosengenuss-bis-weit-in-den-august-hinein\/","og_locale":"de_DE","og_type":"article","og_title":"Walliser Aprikosengenuss bis weit in den August hinein &#8211; Farner\u2019s","og_description":"Die Erntespitze ist durch - die Qualit\u00e4t bleibt aber weiterhin sehr gut. Wir k\u00f6nnen noch immer das volle Sortiment an Aprikosensorten anbieten, voraussichtlich bis weit in den August hinein. Wir bieten aktuell auch k\u00f6stliche Bio-Brombeeren und -Himbeeren an.","og_url":"https:\/\/farners.ch\/de\/walliser-aprikosengenuss-bis-weit-in-den-august-hinein\/","og_site_name":"Farner\u2019s","article_published_time":"2022-07-27T09:02:33+00:00","article_modified_time":"2022-07-27T09:18:31+00:00","og_image":[{"width":2560,"height":1707,"url":"https:\/\/farners.ch\/wp-content\/uploads\/2022\/07\/pexels-lumn-1028599-min-scaled.jpg","type":"image\/jpeg"}],"author":"Simone Riesen","twitter_card":"summary_large_image","twitter_misc":{"Geschrieben von":"Simone Riesen","Gesch\u00e4tzte Lesezeit":"4\u00a0Minuten"},"schema":{"@context":"https:\/\/schema.org","@graph":[{"@type":"Article","@id":"https:\/\/farners.ch\/de\/walliser-aprikosengenuss-bis-weit-in-den-august-hinein\/#article","isPartOf":{"@id":"https:\/\/farners.ch\/de\/walliser-aprikosengenuss-bis-weit-in-den-august-hinein\/"},"author":{"name":"Simone Riesen","@id":"https:\/\/farners.ch\/de\/#\/schema\/person\/f13fef65c9ab443b2bea527ab8e462f0"},"headline":"Walliser Aprikosengenuss bis weit in den August hinein","datePublished":"2022-07-27T09:02:33+00:00","dateModified":"2022-07-27T09:18:31+00:00","mainEntityOfPage":{"@id":"https:\/\/farners.ch\/de\/walliser-aprikosengenuss-bis-weit-in-den-august-hinein\/"},"wordCount":1016,"publisher":{"@id":"https:\/\/farners.ch\/de\/#organization"},"image":{"@id":"https:\/\/farners.ch\/de\/walliser-aprikosengenuss-bis-weit-in-den-august-hinein\/#primaryimage"},"thumbnailUrl":"https:\/\/farners.ch\/wp-content\/uploads\/2022\/07\/pexels-lumn-1028599-min-scaled.jpg","articleSection":["News"],"inLanguage":"de"},{"@type":"WebPage","@id":"https:\/\/farners.ch\/de\/walliser-aprikosengenuss-bis-weit-in-den-august-hinein\/","url":"https:\/\/farners.ch\/de\/walliser-aprikosengenuss-bis-weit-in-den-august-hinein\/","name":"Walliser Aprikosengenuss bis weit in den August hinein &#8211; Farner\u2019s","isPartOf":{"@id":"https:\/\/farners.ch\/de\/#website"},"primaryImageOfPage":{"@id":"https:\/\/farners.ch\/de\/walliser-aprikosengenuss-bis-weit-in-den-august-hinein\/#primaryimage"},"image":{"@id":"https:\/\/farners.ch\/de\/walliser-aprikosengenuss-bis-weit-in-den-august-hinein\/#primaryimage"},"thumbnailUrl":"https:\/\/farners.ch\/wp-content\/uploads\/2022\/07\/pexels-lumn-1028599-min-scaled.jpg","datePublished":"2022-07-27T09:02:33+00:00","dateModified":"2022-07-27T09:18:31+00:00","breadcrumb":{"@id":"https:\/\/farners.ch\/de\/walliser-aprikosengenuss-bis-weit-in-den-august-hinein\/#breadcrumb"},"inLanguage":"de","potentialAction":[{"@type":"ReadAction","target":["https:\/\/farners.ch\/de\/walliser-aprikosengenuss-bis-weit-in-den-august-hinein\/"]}]},{"@type":"ImageObject","inLanguage":"de","@id":"https:\/\/farners.ch\/de\/walliser-aprikosengenuss-bis-weit-in-den-august-hinein\/#primaryimage","url":"https:\/\/farners.ch\/wp-content\/uploads\/2022\/07\/pexels-lumn-1028599-min-scaled.jpg","contentUrl":"https:\/\/farners.ch\/wp-content\/uploads\/2022\/07\/pexels-lumn-1028599-min-scaled.jpg","width":2560,"height":1707},{"@type":"BreadcrumbList","@id":"https:\/\/farners.ch\/de\/walliser-aprikosengenuss-bis-weit-in-den-august-hinein\/#breadcrumb","itemListElement":[{"@type":"ListItem","position":1,"name":"Startseite","item":"https:\/\/farners.ch\/de\/"},{"@type":"ListItem","position":2,"name":"Walliser Aprikosengenuss bis weit in den August hinein"}]},{"@type":"WebSite","@id":"https:\/\/farners.ch\/de\/#website","url":"https:\/\/farners.ch\/de\/","name":"Farner\u2019s","description":"Agrarhandel","publisher":{"@id":"https:\/\/farners.ch\/de\/#organization"},"potentialAction":[{"@type":"SearchAction","target":{"@type":"EntryPoint","urlTemplate":"https:\/\/farners.ch\/de\/?s={search_term_string}"},"query-input":{"@type":"PropertyValueSpecification","valueRequired":true,"valueName":"search_term_string"}}],"inLanguage":"de"},{"@type":"Organization","@id":"https:\/\/farners.ch\/de\/#organization","name":"Farner\u2019s","url":"https:\/\/farners.ch\/de\/","logo":{"@type":"ImageObject","inLanguage":"de","@id":"https:\/\/farners.ch\/de\/#\/schema\/logo\/image\/","url":"https:\/\/farners.ch\/wp-content\/uploads\/2020\/12\/farners_logo_positiv.png","contentUrl":"https:\/\/farners.ch\/wp-content\/uploads\/2020\/12\/farners_logo_positiv.png","width":318,"height":86,"caption":"Farner\u2019s"},"image":{"@id":"https:\/\/farners.ch\/de\/#\/schema\/logo\/image\/"}},{"@type":"Person","@id":"https:\/\/farners.ch\/de\/#\/schema\/person\/f13fef65c9ab443b2bea527ab8e462f0","name":"Simone Riesen","image":{"@type":"ImageObject","inLanguage":"de","@id":"https:\/\/secure.gravatar.com\/avatar\/f507ee6b91f2944ca08e920056b60c9db006016b73072e39705c01fa1315ec94?s=96&d=mm&r=g","url":"https:\/\/secure.gravatar.com\/avatar\/f507ee6b91f2944ca08e920056b60c9db006016b73072e39705c01fa1315ec94?s=96&d=mm&r=g","contentUrl":"https:\/\/secure.gravatar.com\/avatar\/f507ee6b91f2944ca08e920056b60c9db006016b73072e39705c01fa1315ec94?s=96&d=mm&r=g","caption":"Simone Riesen"}}]}},"_links":{"self":[{"href":"https:\/\/farners.ch\/de\/wp-json\/wp\/v2\/posts\/3218","targetHints":{"allow":["GET"]}}],"collection":[{"href":"https:\/\/farners.ch\/de\/wp-json\/wp\/v2\/posts"}],"about":[{"href":"https:\/\/farners.ch\/de\/wp-json\/wp\/v2\/types\/post"}],"author":[{"embeddable":true,"href":"https:\/\/farners.ch\/de\/wp-json\/wp\/v2\/users\/7"}],"replies":[{"embeddable":true,"href":"https:\/\/farners.ch\/de\/wp-json\/wp\/v2\/comments?post=3218"}],"version-history":[{"count":2,"href":"https:\/\/farners.ch\/de\/wp-json\/wp\/v2\/posts\/3218\/revisions"}],"predecessor-version":[{"id":3222,"href":"https:\/\/farners.ch\/de\/wp-json\/wp\/v2\/posts\/3218\/revisions\/3222"}],"wp:featuredmedia":[{"embeddable":true,"href":"https:\/\/farners.ch\/de\/wp-json\/wp\/v2\/media\/3225"}],"wp:attachment":[{"href":"https:\/\/farners.ch\/de\/wp-json\/wp\/v2\/media?parent=3218"}],"wp:term":[{"taxonomy":"category","embeddable":true,"href":"https:\/\/farners.ch\/de\/wp-json\/wp\/v2\/categories?post=3218"},{"taxonomy":"post_tag","embeddable":true,"href":"https:\/\/farners.ch\/de\/wp-json\/wp\/v2\/tags?post=3218"}],"curies":[{"name":"wp","href":"https:\/\/api.w.org\/{rel}","templated":true}]}}