{"id":3253,"date":"2022-08-25T07:14:55","date_gmt":"2022-08-25T07:14:55","guid":{"rendered":"https:\/\/farners.ch\/?p=3253"},"modified":"2022-11-08T10:23:42","modified_gmt":"2022-11-08T10:23:42","slug":"frisch-und-fruchtig-durch-den-spaetsommer","status":"publish","type":"post","link":"https:\/\/farners.ch\/de\/frisch-und-fruchtig-durch-den-spaetsommer\/","title":{"rendered":"Frisch und fruchtig durch den Sp\u00e4tsommer"},"content":{"rendered":"<div class=\"wpb-content-wrapper\"><p>[vc_row row_height_percent=&#8220;0&#8243; override_padding=&#8220;yes&#8220; h_padding=&#8220;2&#8243; top_padding=&#8220;0&#8243; bottom_padding=&#8220;0&#8243; overlay_alpha=&#8220;50&#8243; gutter_size=&#8220;3&#8243; column_width_percent=&#8220;100&#8243; shift_y=&#8220;0&#8243; z_index=&#8220;0&#8243; desktop_visibility=&#8220;yes&#8220; medium_visibility=&#8220;yes&#8220; el_class=&#8220;neunerblock_top no_bottom&#8220; css=&#8220;.vc_custom_1609777159931{margin-top: -6px !important;margin-bottom: -14px !important;padding-top: 0px !important;padding-bottom: 0px !important;}&#8220;][vc_column column_width_percent=&#8220;100&#8243; gutter_size=&#8220;3&#8243; overlay_alpha=&#8220;50&#8243; shift_x=&#8220;0&#8243; shift_y=&#8220;0&#8243; shift_y_down=&#8220;0&#8243; z_index=&#8220;0&#8243; medium_width=&#8220;0&#8243; mobile_width=&#8220;0&#8243; width=&#8220;1\/1&#8243; el_class=&#8220;no_bottom&#8220;][\/vc_column][\/vc_row][vc_row row_height_percent=&#8220;0&#8243; override_padding=&#8220;yes&#8220; h_padding=&#8220;2&#8243; top_padding=&#8220;0&#8243; bottom_padding=&#8220;0&#8243; overlay_alpha=&#8220;50&#8243; gutter_size=&#8220;3&#8243; column_width_percent=&#8220;100&#8243; shift_y=&#8220;0&#8243; z_index=&#8220;0&#8243; css=&#8220;.vc_custom_1610122507316{margin-top: 0px !important;margin-bottom: 0px !important;padding-top: 0px !important;padding-bottom: 36px !important;}&#8220;][vc_column column_width_percent=&#8220;70&#8243; align_horizontal=&#8220;align_center&#8220; gutter_size=&#8220;3&#8243; overlay_alpha=&#8220;50&#8243; shift_x=&#8220;0&#8243; shift_y=&#8220;0&#8243; shift_y_down=&#8220;0&#8243; z_index=&#8220;0&#8243; medium_width=&#8220;0&#8243; mobile_width=&#8220;0&#8243; width=&#8220;1\/1&#8243;][vc_column_text el_class=&#8220;zab_groesser&#8220; uncode_shortcode_id=&#8220;173790&#8243;]<\/p>\n<h2><strong>Frisch und fruchtig durch den Sp\u00e4tsommer<\/strong><\/h2>\n<p>[\/vc_column_text][\/vc_column][\/vc_row][vc_row row_height_percent=&#8220;0&#8243; override_padding=&#8220;yes&#8220; h_padding=&#8220;2&#8243; top_padding=&#8220;0&#8243; bottom_padding=&#8220;0&#8243; overlay_alpha=&#8220;50&#8243; gutter_size=&#8220;3&#8243; column_width_percent=&#8220;100&#8243; shift_y=&#8220;0&#8243; z_index=&#8220;0&#8243; uncode_shortcode_id=&#8220;148969&#8243; css=&#8220;.vc_custom_1656343249014{margin-top: 0px !important;margin-bottom: 0px !important;padding-top: 0px !important;padding-bottom: 50px !important;}&#8220;][vc_column column_width_percent=&#8220;70&#8243; align_horizontal=&#8220;align_center&#8220; gutter_size=&#8220;3&#8243; overlay_alpha=&#8220;50&#8243; shift_x=&#8220;0&#8243; shift_y=&#8220;0&#8243; shift_y_down=&#8220;0&#8243; z_index=&#8220;0&#8243; medium_width=&#8220;0&#8243; mobile_width=&#8220;0&#8243; width=&#8220;1\/1&#8243; uncode_shortcode_id=&#8220;668042&#8243;][vc_column_text uncode_shortcode_id=&#8220;175117&#8243;]Die Ernte der Zwetschgen ist in vollem Gange und wird in der n\u00e4chsten Woche ihren H\u00f6hepunkt haben. Die Qualit\u00e4t ist sehr gut, die Menge wird jedoch aufgrund des trockenen und heissen Sommers nicht so hoch ausfallen, wie erwartet. Bei den Birnen und \u00c4pfeln wird eine leicht geringere Ernte im Vergleich zum letzten Jahr erwartet, die Qualit\u00e4t kann sich aber sehen lassen.<\/p>\n<p>[\/vc_column_text][\/vc_column][\/vc_row][vc_row row_height_percent=&#8220;0&#8243; override_padding=&#8220;yes&#8220; h_padding=&#8220;2&#8243; top_padding=&#8220;0&#8243; bottom_padding=&#8220;0&#8243; back_color=&#8220;color-181039&#8243; overlay_alpha=&#8220;50&#8243; gutter_size=&#8220;3&#8243; column_width_percent=&#8220;100&#8243; shift_y=&#8220;0&#8243; z_index=&#8220;0&#8243; inverted_device_order=&#8220;yes&#8220; uncode_shortcode_id=&#8220;138562&#8243; css=&#8220;.vc_custom_1667902998445{margin-top: 0px !important;margin-bottom: 0px !important;padding-top: 50px !important;padding-bottom: 50px !important;}&#8220; back_color_type=&#8220;uncode-palette&#8220; shape_dividers=&#8220;&#8220;][vc_column column_width_percent=&#8220;78&#8243; gutter_size=&#8220;3&#8243; overlay_alpha=&#8220;50&#8243; shift_x=&#8220;0&#8243; shift_y=&#8220;0&#8243; shift_y_down=&#8220;0&#8243; z_index=&#8220;0&#8243; medium_width=&#8220;0&#8243; mobile_width=&#8220;0&#8243; width=&#8220;1\/2&#8243; uncode_shortcode_id=&#8220;557705&#8243;][vc_column_text uncode_shortcode_id=&#8220;158517&#8243;]<\/p>\n<h3>Zwetschgen<\/h3>\n<p><strong>Ernte- und Marktsituation<\/strong><\/p>\n<p>Diese Woche beginnt die Ernte der Sorte Fellenberg. Die Qualit\u00e4t der Fr\u00fcchte ist weiterhin sehr gut. Die Ernteerwartung wird jedoch aufgrund der schwierigen Wetterbedingungen um ein Volumen von mind. 15% nach unten korrigiert. Die geernteten Mengen belaufen sich bis heute auf 1752 t.<\/p>\n<p>Grosse nationale Aktionen haben erfreulicherweise dazu gef\u00fchrt, dass der Verbraucher sich vermehrt f\u00fcr den Einkauf von Schweizer Zwetschgen entscheidet.<\/p>\n<p>Die inl\u00e4ndische Produktion reicht aus, um den Marktbedarf in dieser und der n\u00e4chsten Woche komplett zu decken.<\/p>\n<p>[\/vc_column_text][\/vc_column][vc_column width=&#8220;1\/2&#8243;][vc_single_image media=&#8220;2446&#8243; media_width_percent=&#8220;100&#8243; uncode_shortcode_id=&#8220;135510&#8243;][\/vc_column][\/vc_row][vc_row row_height_percent=&#8220;0&#8243; override_padding=&#8220;yes&#8220; h_padding=&#8220;2&#8243; top_padding=&#8220;0&#8243; bottom_padding=&#8220;0&#8243; overlay_alpha=&#8220;50&#8243; gutter_size=&#8220;3&#8243; column_width_percent=&#8220;100&#8243; shift_y=&#8220;0&#8243; z_index=&#8220;0&#8243; uncode_shortcode_id=&#8220;630939&#8243; css=&#8220;.vc_custom_1667903010294{margin-top: 0px !important;margin-bottom: 0px !important;padding-top: 50px !important;padding-bottom: 50px !important;}&#8220; shape_dividers=&#8220;&#8220;][vc_column width=&#8220;1\/2&#8243;][vc_single_image media=&#8220;3075&#8243; media_width_percent=&#8220;100&#8243; uncode_shortcode_id=&#8220;207928&#8243;][\/vc_column][vc_column column_width_percent=&#8220;78&#8243; gutter_size=&#8220;3&#8243; overlay_alpha=&#8220;50&#8243; shift_x=&#8220;0&#8243; shift_y=&#8220;0&#8243; shift_y_down=&#8220;0&#8243; z_index=&#8220;0&#8243; medium_width=&#8220;0&#8243; mobile_width=&#8220;0&#8243; width=&#8220;1\/2&#8243; uncode_shortcode_id=&#8220;557705&#8243;][vc_column_text uncode_shortcode_id=&#8220;111687&#8243;]<\/p>\n<h3><strong>\u00c4pfel<br \/>\n<\/strong><\/h3>\n<p>Die Ernte der fr\u00fchen Sorten l\u00e4uft<\/p>\n<p>Die Erntesch\u00e4tzung des Schweizer Obstverbands f\u00fcr die Apfelernte liegt bei 114 351 t (-5% im Vergleich zum Vorjahr).<\/p>\n<p>Aufgrund der Niederschl\u00e4ge der letzten Tage und der nun angek\u00fcndigten gem\u00e4ssigteren Temperaturen entspannt sich die Erntesituation und wir k\u00f6nnen nun auf eine gute Qualit\u00e4t der \u00c4pfel hoffen.<\/p>\n<p>[\/vc_column_text][\/vc_column][\/vc_row][vc_row row_height_percent=&#8220;0&#8243; override_padding=&#8220;yes&#8220; h_padding=&#8220;2&#8243; top_padding=&#8220;0&#8243; bottom_padding=&#8220;0&#8243; back_color=&#8220;color-181039&#8243; overlay_alpha=&#8220;50&#8243; gutter_size=&#8220;3&#8243; column_width_percent=&#8220;100&#8243; shift_y=&#8220;0&#8243; z_index=&#8220;0&#8243; inverted_device_order=&#8220;yes&#8220; uncode_shortcode_id=&#8220;191817&#8243; back_color_type=&#8220;uncode-palette&#8220; css=&#8220;.vc_custom_1667903017695{margin-top: 0px !important;margin-bottom: 0px !important;padding-top: 50px !important;padding-bottom: 50px !important;}&#8220; shape_dividers=&#8220;&#8220;][vc_column column_width_percent=&#8220;76&#8243; gutter_size=&#8220;3&#8243; overlay_alpha=&#8220;50&#8243; shift_x=&#8220;0&#8243; shift_y=&#8220;0&#8243; shift_y_down=&#8220;0&#8243; z_index=&#8220;0&#8243; medium_width=&#8220;0&#8243; mobile_width=&#8220;0&#8243; width=&#8220;1\/2&#8243; uncode_shortcode_id=&#8220;901580&#8243;][vc_column_text uncode_shortcode_id=&#8220;980184&#8243;]<\/p>\n<h3>Birnen<\/h3>\n<p>Der Schweizer Obstverband sch\u00e4tzt die diesj\u00e4hrige Birnenernte auf 18 493 Tonnen, was 1% weniger als im letzten Jahr ist.<\/p>\n<p>Die Behangsdichte der Birnen ist h\u00f6her als im Vorjahr und entspricht fast der von 2020.<\/p>\n<p>Die h\u00e4ngende Ernte bei den Sorten Kaiser Alexander und Gute Luise wird um 25 % niedriger als 2021 gesch\u00e4tzt. Bei Conf\u00e9rence, Williams und den anderen Sorten wird die Ernte im Vergleich zum 2021 h\u00f6her gesch\u00e4tzt.[\/vc_column_text][\/vc_column][vc_column width=&#8220;1\/2&#8243;][vc_single_image media=&#8220;3256&#8243; media_width_percent=&#8220;100&#8243; uncode_shortcode_id=&#8220;200720&#8243;][\/vc_column][\/vc_row][vc_row row_height_percent=&#8220;0&#8243; override_padding=&#8220;yes&#8220; h_padding=&#8220;2&#8243; top_padding=&#8220;0&#8243; bottom_padding=&#8220;0&#8243; back_color=&#8220;color-289496&#8243; overlay_alpha=&#8220;50&#8243; gutter_size=&#8220;3&#8243; column_width_percent=&#8220;100&#8243; shift_y=&#8220;0&#8243; z_index=&#8220;0&#8243; uncode_shortcode_id=&#8220;411244&#8243; css=&#8220;.vc_custom_1656344942340{margin-top: 0px !important;margin-bottom: 0px !important;padding-top: 50px !important;padding-bottom: 50px !important;}&#8220; back_color_type=&#8220;uncode-palette&#8220;][vc_column column_width_percent=&#8220;70&#8243; align_horizontal=&#8220;align_center&#8220; gutter_size=&#8220;3&#8243; style=&#8220;dark&#8220; overlay_alpha=&#8220;50&#8243; shift_x=&#8220;0&#8243; shift_y=&#8220;0&#8243; shift_y_down=&#8220;0&#8243; z_index=&#8220;0&#8243; medium_width=&#8220;0&#8243; mobile_width=&#8220;0&#8243; width=&#8220;1\/1&#8243; uncode_shortcode_id=&#8220;392327&#8243;][vc_column_text uncode_shortcode_id=&#8220;122561&#8243;]<\/p>\n<h3>Farner&#8217;s<\/h3>\n<p>Wir vermarkten Walliser Aprikosen, Schweizer Steinobst, Kernobst und Beeren. Mit unseren 30 Jahren Erfahrung, unserem breiten Netzwerk und agilen Team sind wir Ihr Sparringpartner f\u00fcr frische Agrarprodukte.<\/p>\n<h3>Kontaktdaten f\u00fcr Bestellungen und Anfragen<\/h3>\n<p>Haupttelefonnummer: +41 (0)52 740 27 62<\/p>\n<p>E-Mail: info@farners.ch<\/p>\n<p>[\/vc_column_text][\/vc_column][\/vc_row]<\/p>\n<\/div>","protected":false},"excerpt":{"rendered":"<p>Die Ernte der Zwetschgen ist in vollem Gange und wird in der n\u00e4chsten Woche ihren H\u00f6hepunkt haben. Die Qualit\u00e4t ist sehr gut, die Menge wird jedoch aufgrund des trockenen und heissen Sommers nicht so hoch ausfallen, wie erwartet.<\/p>\n","protected":false},"author":7,"featured_media":2428,"comment_status":"closed","ping_status":"closed","sticky":false,"template":"","format":"standard","meta":{"footnotes":""},"categories":[30],"tags":[],"class_list":["post-3253","post","type-post","status-publish","format-standard","has-post-thumbnail","hentry","category-news"],"yoast_head":"<!-- This site is optimized with the Yoast SEO plugin v27.4 - https:\/\/yoast.com\/product\/yoast-seo-wordpress\/ -->\n<title>Frisch und fruchtig durch den Sp\u00e4tsommer &#8211; Farner\u2019s<\/title>\n<meta name=\"robots\" content=\"index, follow, max-snippet:-1, max-image-preview:large, max-video-preview:-1\" \/>\n<link rel=\"canonical\" href=\"https:\/\/farners.ch\/de\/frisch-und-fruchtig-durch-den-spaetsommer\/\" \/>\n<meta property=\"og:locale\" content=\"de_DE\" \/>\n<meta property=\"og:type\" content=\"article\" \/>\n<meta property=\"og:title\" content=\"Frisch und fruchtig durch den Sp\u00e4tsommer &#8211; Farner\u2019s\" \/>\n<meta property=\"og:description\" content=\"Die Ernte der Zwetschgen ist in vollem Gange und wird in der n\u00e4chsten Woche ihren H\u00f6hepunkt haben. Die Qualit\u00e4t ist sehr gut, die Menge wird jedoch aufgrund des trockenen und heissen Sommers nicht so hoch ausfallen, wie erwartet.\" \/>\n<meta property=\"og:url\" content=\"https:\/\/farners.ch\/de\/frisch-und-fruchtig-durch-den-spaetsommer\/\" \/>\n<meta property=\"og:site_name\" content=\"Farner\u2019s\" \/>\n<meta property=\"article:published_time\" content=\"2022-08-25T07:14:55+00:00\" \/>\n<meta property=\"article:modified_time\" content=\"2022-11-08T10:23:42+00:00\" \/>\n<meta property=\"og:image\" content=\"https:\/\/farners.ch\/wp-content\/uploads\/2020\/12\/banner_zwetschgen.jpg\" \/>\n\t<meta property=\"og:image:width\" content=\"2560\" \/>\n\t<meta property=\"og:image:height\" content=\"1118\" \/>\n\t<meta property=\"og:image:type\" content=\"image\/jpeg\" \/>\n<meta name=\"author\" content=\"Simone Riesen\" \/>\n<meta name=\"twitter:card\" content=\"summary_large_image\" \/>\n<meta name=\"twitter:label1\" content=\"Geschrieben von\" \/>\n\t<meta name=\"twitter:data1\" content=\"Simone Riesen\" \/>\n\t<meta name=\"twitter:label2\" content=\"Gesch\u00e4tzte Lesezeit\" \/>\n\t<meta name=\"twitter:data2\" content=\"4\u00a0Minuten\" \/>\n<script type=\"application\/ld+json\" class=\"yoast-schema-graph\">{\"@context\":\"https:\\\/\\\/schema.org\",\"@graph\":[{\"@type\":\"Article\",\"@id\":\"https:\\\/\\\/farners.ch\\\/de\\\/frisch-und-fruchtig-durch-den-spaetsommer\\\/#article\",\"isPartOf\":{\"@id\":\"https:\\\/\\\/farners.ch\\\/de\\\/frisch-und-fruchtig-durch-den-spaetsommer\\\/\"},\"author\":{\"name\":\"Simone Riesen\",\"@id\":\"https:\\\/\\\/farners.ch\\\/de\\\/#\\\/schema\\\/person\\\/f13fef65c9ab443b2bea527ab8e462f0\"},\"headline\":\"Frisch und fruchtig durch den Sp\u00e4tsommer\",\"datePublished\":\"2022-08-25T07:14:55+00:00\",\"dateModified\":\"2022-11-08T10:23:42+00:00\",\"mainEntityOfPage\":{\"@id\":\"https:\\\/\\\/farners.ch\\\/de\\\/frisch-und-fruchtig-durch-den-spaetsommer\\\/\"},\"wordCount\":1004,\"publisher\":{\"@id\":\"https:\\\/\\\/farners.ch\\\/de\\\/#organization\"},\"image\":{\"@id\":\"https:\\\/\\\/farners.ch\\\/de\\\/frisch-und-fruchtig-durch-den-spaetsommer\\\/#primaryimage\"},\"thumbnailUrl\":\"https:\\\/\\\/farners.ch\\\/wp-content\\\/uploads\\\/2020\\\/12\\\/banner_zwetschgen.jpg\",\"articleSection\":[\"News\"],\"inLanguage\":\"de\"},{\"@type\":\"WebPage\",\"@id\":\"https:\\\/\\\/farners.ch\\\/de\\\/frisch-und-fruchtig-durch-den-spaetsommer\\\/\",\"url\":\"https:\\\/\\\/farners.ch\\\/de\\\/frisch-und-fruchtig-durch-den-spaetsommer\\\/\",\"name\":\"Frisch und fruchtig durch den Sp\u00e4tsommer &#8211; Farner\u2019s\",\"isPartOf\":{\"@id\":\"https:\\\/\\\/farners.ch\\\/de\\\/#website\"},\"primaryImageOfPage\":{\"@id\":\"https:\\\/\\\/farners.ch\\\/de\\\/frisch-und-fruchtig-durch-den-spaetsommer\\\/#primaryimage\"},\"image\":{\"@id\":\"https:\\\/\\\/farners.ch\\\/de\\\/frisch-und-fruchtig-durch-den-spaetsommer\\\/#primaryimage\"},\"thumbnailUrl\":\"https:\\\/\\\/farners.ch\\\/wp-content\\\/uploads\\\/2020\\\/12\\\/banner_zwetschgen.jpg\",\"datePublished\":\"2022-08-25T07:14:55+00:00\",\"dateModified\":\"2022-11-08T10:23:42+00:00\",\"breadcrumb\":{\"@id\":\"https:\\\/\\\/farners.ch\\\/de\\\/frisch-und-fruchtig-durch-den-spaetsommer\\\/#breadcrumb\"},\"inLanguage\":\"de\",\"potentialAction\":[{\"@type\":\"ReadAction\",\"target\":[\"https:\\\/\\\/farners.ch\\\/de\\\/frisch-und-fruchtig-durch-den-spaetsommer\\\/\"]}]},{\"@type\":\"ImageObject\",\"inLanguage\":\"de\",\"@id\":\"https:\\\/\\\/farners.ch\\\/de\\\/frisch-und-fruchtig-durch-den-spaetsommer\\\/#primaryimage\",\"url\":\"https:\\\/\\\/farners.ch\\\/wp-content\\\/uploads\\\/2020\\\/12\\\/banner_zwetschgen.jpg\",\"contentUrl\":\"https:\\\/\\\/farners.ch\\\/wp-content\\\/uploads\\\/2020\\\/12\\\/banner_zwetschgen.jpg\",\"width\":2560,\"height\":1118},{\"@type\":\"BreadcrumbList\",\"@id\":\"https:\\\/\\\/farners.ch\\\/de\\\/frisch-und-fruchtig-durch-den-spaetsommer\\\/#breadcrumb\",\"itemListElement\":[{\"@type\":\"ListItem\",\"position\":1,\"name\":\"Startseite\",\"item\":\"https:\\\/\\\/farners.ch\\\/de\\\/\"},{\"@type\":\"ListItem\",\"position\":2,\"name\":\"Frisch und fruchtig durch den Sp\u00e4tsommer\"}]},{\"@type\":\"WebSite\",\"@id\":\"https:\\\/\\\/farners.ch\\\/de\\\/#website\",\"url\":\"https:\\\/\\\/farners.ch\\\/de\\\/\",\"name\":\"Farner\u2019s\",\"description\":\"Agrarhandel\",\"publisher\":{\"@id\":\"https:\\\/\\\/farners.ch\\\/de\\\/#organization\"},\"potentialAction\":[{\"@type\":\"SearchAction\",\"target\":{\"@type\":\"EntryPoint\",\"urlTemplate\":\"https:\\\/\\\/farners.ch\\\/de\\\/?s={search_term_string}\"},\"query-input\":{\"@type\":\"PropertyValueSpecification\",\"valueRequired\":true,\"valueName\":\"search_term_string\"}}],\"inLanguage\":\"de\"},{\"@type\":\"Organization\",\"@id\":\"https:\\\/\\\/farners.ch\\\/de\\\/#organization\",\"name\":\"Farner\u2019s\",\"url\":\"https:\\\/\\\/farners.ch\\\/de\\\/\",\"logo\":{\"@type\":\"ImageObject\",\"inLanguage\":\"de\",\"@id\":\"https:\\\/\\\/farners.ch\\\/de\\\/#\\\/schema\\\/logo\\\/image\\\/\",\"url\":\"https:\\\/\\\/farners.ch\\\/wp-content\\\/uploads\\\/2020\\\/12\\\/farners_logo_positiv.png\",\"contentUrl\":\"https:\\\/\\\/farners.ch\\\/wp-content\\\/uploads\\\/2020\\\/12\\\/farners_logo_positiv.png\",\"width\":318,\"height\":86,\"caption\":\"Farner\u2019s\"},\"image\":{\"@id\":\"https:\\\/\\\/farners.ch\\\/de\\\/#\\\/schema\\\/logo\\\/image\\\/\"}},{\"@type\":\"Person\",\"@id\":\"https:\\\/\\\/farners.ch\\\/de\\\/#\\\/schema\\\/person\\\/f13fef65c9ab443b2bea527ab8e462f0\",\"name\":\"Simone Riesen\",\"image\":{\"@type\":\"ImageObject\",\"inLanguage\":\"de\",\"@id\":\"https:\\\/\\\/secure.gravatar.com\\\/avatar\\\/f507ee6b91f2944ca08e920056b60c9db006016b73072e39705c01fa1315ec94?s=96&d=mm&r=g\",\"url\":\"https:\\\/\\\/secure.gravatar.com\\\/avatar\\\/f507ee6b91f2944ca08e920056b60c9db006016b73072e39705c01fa1315ec94?s=96&d=mm&r=g\",\"contentUrl\":\"https:\\\/\\\/secure.gravatar.com\\\/avatar\\\/f507ee6b91f2944ca08e920056b60c9db006016b73072e39705c01fa1315ec94?s=96&d=mm&r=g\",\"caption\":\"Simone Riesen\"}}]}<\/script>\n<!-- \/ Yoast SEO plugin. -->","yoast_head_json":{"title":"Frisch und fruchtig durch den Sp\u00e4tsommer &#8211; Farner\u2019s","robots":{"index":"index","follow":"follow","max-snippet":"max-snippet:-1","max-image-preview":"max-image-preview:large","max-video-preview":"max-video-preview:-1"},"canonical":"https:\/\/farners.ch\/de\/frisch-und-fruchtig-durch-den-spaetsommer\/","og_locale":"de_DE","og_type":"article","og_title":"Frisch und fruchtig durch den Sp\u00e4tsommer &#8211; Farner\u2019s","og_description":"Die Ernte der Zwetschgen ist in vollem Gange und wird in der n\u00e4chsten Woche ihren H\u00f6hepunkt haben. Die Qualit\u00e4t ist sehr gut, die Menge wird jedoch aufgrund des trockenen und heissen Sommers nicht so hoch ausfallen, wie erwartet.","og_url":"https:\/\/farners.ch\/de\/frisch-und-fruchtig-durch-den-spaetsommer\/","og_site_name":"Farner\u2019s","article_published_time":"2022-08-25T07:14:55+00:00","article_modified_time":"2022-11-08T10:23:42+00:00","og_image":[{"width":2560,"height":1118,"url":"https:\/\/farners.ch\/wp-content\/uploads\/2020\/12\/banner_zwetschgen.jpg","type":"image\/jpeg"}],"author":"Simone Riesen","twitter_card":"summary_large_image","twitter_misc":{"Geschrieben von":"Simone Riesen","Gesch\u00e4tzte Lesezeit":"4\u00a0Minuten"},"schema":{"@context":"https:\/\/schema.org","@graph":[{"@type":"Article","@id":"https:\/\/farners.ch\/de\/frisch-und-fruchtig-durch-den-spaetsommer\/#article","isPartOf":{"@id":"https:\/\/farners.ch\/de\/frisch-und-fruchtig-durch-den-spaetsommer\/"},"author":{"name":"Simone Riesen","@id":"https:\/\/farners.ch\/de\/#\/schema\/person\/f13fef65c9ab443b2bea527ab8e462f0"},"headline":"Frisch und fruchtig durch den Sp\u00e4tsommer","datePublished":"2022-08-25T07:14:55+00:00","dateModified":"2022-11-08T10:23:42+00:00","mainEntityOfPage":{"@id":"https:\/\/farners.ch\/de\/frisch-und-fruchtig-durch-den-spaetsommer\/"},"wordCount":1004,"publisher":{"@id":"https:\/\/farners.ch\/de\/#organization"},"image":{"@id":"https:\/\/farners.ch\/de\/frisch-und-fruchtig-durch-den-spaetsommer\/#primaryimage"},"thumbnailUrl":"https:\/\/farners.ch\/wp-content\/uploads\/2020\/12\/banner_zwetschgen.jpg","articleSection":["News"],"inLanguage":"de"},{"@type":"WebPage","@id":"https:\/\/farners.ch\/de\/frisch-und-fruchtig-durch-den-spaetsommer\/","url":"https:\/\/farners.ch\/de\/frisch-und-fruchtig-durch-den-spaetsommer\/","name":"Frisch und fruchtig durch den Sp\u00e4tsommer &#8211; Farner\u2019s","isPartOf":{"@id":"https:\/\/farners.ch\/de\/#website"},"primaryImageOfPage":{"@id":"https:\/\/farners.ch\/de\/frisch-und-fruchtig-durch-den-spaetsommer\/#primaryimage"},"image":{"@id":"https:\/\/farners.ch\/de\/frisch-und-fruchtig-durch-den-spaetsommer\/#primaryimage"},"thumbnailUrl":"https:\/\/farners.ch\/wp-content\/uploads\/2020\/12\/banner_zwetschgen.jpg","datePublished":"2022-08-25T07:14:55+00:00","dateModified":"2022-11-08T10:23:42+00:00","breadcrumb":{"@id":"https:\/\/farners.ch\/de\/frisch-und-fruchtig-durch-den-spaetsommer\/#breadcrumb"},"inLanguage":"de","potentialAction":[{"@type":"ReadAction","target":["https:\/\/farners.ch\/de\/frisch-und-fruchtig-durch-den-spaetsommer\/"]}]},{"@type":"ImageObject","inLanguage":"de","@id":"https:\/\/farners.ch\/de\/frisch-und-fruchtig-durch-den-spaetsommer\/#primaryimage","url":"https:\/\/farners.ch\/wp-content\/uploads\/2020\/12\/banner_zwetschgen.jpg","contentUrl":"https:\/\/farners.ch\/wp-content\/uploads\/2020\/12\/banner_zwetschgen.jpg","width":2560,"height":1118},{"@type":"BreadcrumbList","@id":"https:\/\/farners.ch\/de\/frisch-und-fruchtig-durch-den-spaetsommer\/#breadcrumb","itemListElement":[{"@type":"ListItem","position":1,"name":"Startseite","item":"https:\/\/farners.ch\/de\/"},{"@type":"ListItem","position":2,"name":"Frisch und fruchtig durch den Sp\u00e4tsommer"}]},{"@type":"WebSite","@id":"https:\/\/farners.ch\/de\/#website","url":"https:\/\/farners.ch\/de\/","name":"Farner\u2019s","description":"Agrarhandel","publisher":{"@id":"https:\/\/farners.ch\/de\/#organization"},"potentialAction":[{"@type":"SearchAction","target":{"@type":"EntryPoint","urlTemplate":"https:\/\/farners.ch\/de\/?s={search_term_string}"},"query-input":{"@type":"PropertyValueSpecification","valueRequired":true,"valueName":"search_term_string"}}],"inLanguage":"de"},{"@type":"Organization","@id":"https:\/\/farners.ch\/de\/#organization","name":"Farner\u2019s","url":"https:\/\/farners.ch\/de\/","logo":{"@type":"ImageObject","inLanguage":"de","@id":"https:\/\/farners.ch\/de\/#\/schema\/logo\/image\/","url":"https:\/\/farners.ch\/wp-content\/uploads\/2020\/12\/farners_logo_positiv.png","contentUrl":"https:\/\/farners.ch\/wp-content\/uploads\/2020\/12\/farners_logo_positiv.png","width":318,"height":86,"caption":"Farner\u2019s"},"image":{"@id":"https:\/\/farners.ch\/de\/#\/schema\/logo\/image\/"}},{"@type":"Person","@id":"https:\/\/farners.ch\/de\/#\/schema\/person\/f13fef65c9ab443b2bea527ab8e462f0","name":"Simone Riesen","image":{"@type":"ImageObject","inLanguage":"de","@id":"https:\/\/secure.gravatar.com\/avatar\/f507ee6b91f2944ca08e920056b60c9db006016b73072e39705c01fa1315ec94?s=96&d=mm&r=g","url":"https:\/\/secure.gravatar.com\/avatar\/f507ee6b91f2944ca08e920056b60c9db006016b73072e39705c01fa1315ec94?s=96&d=mm&r=g","contentUrl":"https:\/\/secure.gravatar.com\/avatar\/f507ee6b91f2944ca08e920056b60c9db006016b73072e39705c01fa1315ec94?s=96&d=mm&r=g","caption":"Simone Riesen"}}]}},"_links":{"self":[{"href":"https:\/\/farners.ch\/de\/wp-json\/wp\/v2\/posts\/3253","targetHints":{"allow":["GET"]}}],"collection":[{"href":"https:\/\/farners.ch\/de\/wp-json\/wp\/v2\/posts"}],"about":[{"href":"https:\/\/farners.ch\/de\/wp-json\/wp\/v2\/types\/post"}],"author":[{"embeddable":true,"href":"https:\/\/farners.ch\/de\/wp-json\/wp\/v2\/users\/7"}],"replies":[{"embeddable":true,"href":"https:\/\/farners.ch\/de\/wp-json\/wp\/v2\/comments?post=3253"}],"version-history":[{"count":6,"href":"https:\/\/farners.ch\/de\/wp-json\/wp\/v2\/posts\/3253\/revisions"}],"predecessor-version":[{"id":3304,"href":"https:\/\/farners.ch\/de\/wp-json\/wp\/v2\/posts\/3253\/revisions\/3304"}],"wp:featuredmedia":[{"embeddable":true,"href":"https:\/\/farners.ch\/de\/wp-json\/wp\/v2\/media\/2428"}],"wp:attachment":[{"href":"https:\/\/farners.ch\/de\/wp-json\/wp\/v2\/media?parent=3253"}],"wp:term":[{"taxonomy":"category","embeddable":true,"href":"https:\/\/farners.ch\/de\/wp-json\/wp\/v2\/categories?post=3253"},{"taxonomy":"post_tag","embeddable":true,"href":"https:\/\/farners.ch\/de\/wp-json\/wp\/v2\/tags?post=3253"}],"curies":[{"name":"wp","href":"https:\/\/api.w.org\/{rel}","templated":true}]}}