{"id":3276,"date":"2022-09-07T07:57:50","date_gmt":"2022-09-07T07:57:50","guid":{"rendered":"https:\/\/farners.ch\/?p=3276"},"modified":"2022-09-07T07:57:50","modified_gmt":"2022-09-07T07:57:50","slug":"ein-knackig-suesser-herbstanfang","status":"publish","type":"post","link":"https:\/\/farners.ch\/de\/ein-knackig-suesser-herbstanfang\/","title":{"rendered":"Ein knackig-s\u00fcsser Herbstanfang"},"content":{"rendered":"<div class=\"wpb-content-wrapper\"><p>[vc_row row_height_percent=&#8220;0&#8243; override_padding=&#8220;yes&#8220; h_padding=&#8220;2&#8243; top_padding=&#8220;0&#8243; bottom_padding=&#8220;0&#8243; overlay_alpha=&#8220;50&#8243; gutter_size=&#8220;3&#8243; column_width_percent=&#8220;100&#8243; shift_y=&#8220;0&#8243; z_index=&#8220;0&#8243; desktop_visibility=&#8220;yes&#8220; medium_visibility=&#8220;yes&#8220; el_class=&#8220;neunerblock_top no_bottom&#8220; css=&#8220;.vc_custom_1609777159931{margin-top: -6px !important;margin-bottom: -14px !important;padding-top: 0px !important;padding-bottom: 0px !important;}&#8220;][vc_column column_width_percent=&#8220;100&#8243; gutter_size=&#8220;3&#8243; overlay_alpha=&#8220;50&#8243; shift_x=&#8220;0&#8243; shift_y=&#8220;0&#8243; shift_y_down=&#8220;0&#8243; z_index=&#8220;0&#8243; medium_width=&#8220;0&#8243; mobile_width=&#8220;0&#8243; width=&#8220;1\/1&#8243; el_class=&#8220;no_bottom&#8220;][\/vc_column][\/vc_row][vc_row row_height_percent=&#8220;0&#8243; override_padding=&#8220;yes&#8220; h_padding=&#8220;2&#8243; top_padding=&#8220;0&#8243; bottom_padding=&#8220;0&#8243; overlay_alpha=&#8220;50&#8243; gutter_size=&#8220;3&#8243; column_width_percent=&#8220;100&#8243; shift_y=&#8220;0&#8243; z_index=&#8220;0&#8243; css=&#8220;.vc_custom_1610122507316{margin-top: 0px !important;margin-bottom: 0px !important;padding-top: 0px !important;padding-bottom: 36px !important;}&#8220;][vc_column column_width_percent=&#8220;70&#8243; align_horizontal=&#8220;align_center&#8220; gutter_size=&#8220;3&#8243; overlay_alpha=&#8220;50&#8243; shift_x=&#8220;0&#8243; shift_y=&#8220;0&#8243; shift_y_down=&#8220;0&#8243; z_index=&#8220;0&#8243; medium_width=&#8220;0&#8243; mobile_width=&#8220;0&#8243; width=&#8220;1\/1&#8243;][vc_column_text el_class=&#8220;zab_groesser&#8220; uncode_shortcode_id=&#8220;888907&#8243;]<\/p>\n<h2>Ein knackig-s\u00fcsser Herbstanfang<\/h2>\n<p>[\/vc_column_text][\/vc_column][\/vc_row][vc_row row_height_percent=&#8220;0&#8243; override_padding=&#8220;yes&#8220; h_padding=&#8220;2&#8243; top_padding=&#8220;0&#8243; bottom_padding=&#8220;0&#8243; overlay_alpha=&#8220;50&#8243; gutter_size=&#8220;3&#8243; column_width_percent=&#8220;100&#8243; shift_y=&#8220;0&#8243; z_index=&#8220;0&#8243; uncode_shortcode_id=&#8220;148969&#8243; css=&#8220;.vc_custom_1656343249014{margin-top: 0px !important;margin-bottom: 0px !important;padding-top: 0px !important;padding-bottom: 50px !important;}&#8220;][vc_column column_width_percent=&#8220;70&#8243; align_horizontal=&#8220;align_center&#8220; gutter_size=&#8220;3&#8243; overlay_alpha=&#8220;50&#8243; shift_x=&#8220;0&#8243; shift_y=&#8220;0&#8243; shift_y_down=&#8220;0&#8243; z_index=&#8220;0&#8243; medium_width=&#8220;0&#8243; mobile_width=&#8220;0&#8243; width=&#8220;1\/1&#8243; uncode_shortcode_id=&#8220;668042&#8243;][vc_column_text uncode_shortcode_id=&#8220;160114&#8243;]F\u00fcr die Apfelernte war das Wetter aus erntetechnischer Sicht wieder perfekt. Der Reifervorsprung ist im Vergleich zum vergangenen Jahr nochmals angestiegen. Auch bei der Ernte der Birnen zeichnet sich eine exzellente Qualit\u00e4t ab. Auch in den sp\u00e4testen Lagen kann hier nun mit der Ernte begonnen werden.[\/vc_column_text][\/vc_column][\/vc_row][vc_row row_height_percent=&#8220;0&#8243; override_padding=&#8220;yes&#8220; h_padding=&#8220;2&#8243; top_padding=&#8220;0&#8243; bottom_padding=&#8220;0&#8243; back_color=&#8220;color-181039&#8243; overlay_alpha=&#8220;50&#8243; gutter_size=&#8220;3&#8243; column_width_percent=&#8220;100&#8243; shift_y=&#8220;0&#8243; z_index=&#8220;0&#8243; uncode_shortcode_id=&#8220;827550&#8243; back_color_type=&#8220;uncode-palette&#8220; css=&#8220;.vc_custom_1656343205600{margin-top: 0px !important;margin-bottom: 0px !important;padding-top: 50px !important;padding-bottom: 50px !important;}&#8220;][vc_column width=&#8220;1\/2&#8243;][vc_single_image media=&#8220;3075&#8243; media_width_percent=&#8220;100&#8243; uncode_shortcode_id=&#8220;934004&#8243;][\/vc_column][vc_column column_width_percent=&#8220;76&#8243; gutter_size=&#8220;3&#8243; overlay_alpha=&#8220;50&#8243; shift_x=&#8220;0&#8243; shift_y=&#8220;0&#8243; shift_y_down=&#8220;0&#8243; z_index=&#8220;0&#8243; medium_width=&#8220;0&#8243; mobile_width=&#8220;0&#8243; width=&#8220;1\/2&#8243; uncode_shortcode_id=&#8220;901580&#8243;][vc_column_text uncode_shortcode_id=&#8220;405737&#8243;]<\/p>\n<h3>\u00c4pfel<\/h3>\n<h4>Erntesituation<\/h4>\n<p>Auch in den letzten Tagen war das Wetter aus erntetechnischer Sicht wieder perfekt. Moderate Temperaturen bei viel Sonnenschein und einigen Niederschl\u00e4gen wirken sich sehr positiv aus. Aus heutiger Sicht hat sich der Reifevorsprung im Vergleich zum vergangenen Jahr nochmals weiter auf nun insgesamt 16 Tage ausgedehnt. Momentan liegen wir auf dem Niveau des Jahres 2018, welches als Rekordjahr gilt.<\/p>\n<p><strong>Lagerbest\u00e4nde<\/strong><\/p>\n<p>Der letzte Lagerbestand von Tafel\u00e4pfeln der Ernte 2021 liegt gem\u00e4ss SVO mit 2&#8217;620 t um 1&#8217;196 t \u00fcber dem Vorjahr (1&#8217;043 t). Die Lagerabnahme betrug im August 2022 total 4&#8217;392 t. Die Abnahme kommt somit 927 t \u00fcber der Abnahme von August 2021 (3&#8217;465 t) zu liegen.<\/p>\n<p><strong>Marktsituation <\/strong><\/p>\n<p>Bei der Sorte Gala und Greenstar findet momentan ein \u00dcbergang von alter zu neuer Ernte statt. Somit befinden sich nur noch die Sorten Jonagold und Golden aus der alten Ernte bei den Grossverteilern. Diese haben diese und in den n\u00e4chsten Wochen einige Aktivit\u00e4ten geplant, um die Absatzmenge anzukurbeln.<\/p>\n<p>[\/vc_column_text][\/vc_column][\/vc_row][vc_row row_height_percent=&#8220;0&#8243; override_padding=&#8220;yes&#8220; h_padding=&#8220;2&#8243; top_padding=&#8220;0&#8243; bottom_padding=&#8220;0&#8243; overlay_alpha=&#8220;50&#8243; gutter_size=&#8220;3&#8243; column_width_percent=&#8220;100&#8243; shift_y=&#8220;0&#8243; z_index=&#8220;0&#8243; inverted_device_order=&#8220;yes&#8220; uncode_shortcode_id=&#8220;211816&#8243; css=&#8220;.vc_custom_1656343974579{margin-top: 0px !important;margin-bottom: 0px !important;padding-top: 50px !important;padding-bottom: 50px !important;}&#8220;][vc_column column_width_percent=&#8220;78&#8243; gutter_size=&#8220;3&#8243; overlay_alpha=&#8220;50&#8243; shift_x=&#8220;0&#8243; shift_y=&#8220;0&#8243; shift_y_down=&#8220;0&#8243; z_index=&#8220;0&#8243; medium_width=&#8220;0&#8243; mobile_width=&#8220;0&#8243; width=&#8220;1\/2&#8243; uncode_shortcode_id=&#8220;557705&#8243;][vc_column_text uncode_shortcode_id=&#8220;190913&#8243;]<\/p>\n<h3>Birnen<\/h3>\n<p><strong>Ernte- und Marktsituation<\/strong><\/p>\n<p>Die Ernte der Sorten Conference und Gute Luise sind abgeschlossen. Momentan l\u00e4uft die Ernte der Sorte Kaiser Alexander mit einer exzellenten Qualit\u00e4t in den Bereichen Kaliber, Zuckergehalt und Schalenbeschaffenheit.<\/p>\n<p>Momentan haben wir f\u00fcr Sie zudem k\u00f6stliche Birnen der Sorten Williams und Qtee\/Celina im Angebot.<\/p>\n<p><strong>Wussten Sie,&#8230;<\/strong><\/p>\n<p><strong>&#8230;dass <\/strong>Birnen mit nur ein bis drei Gramm Fruchts\u00e4ure pro Liter weniger Fruchts\u00e4ure besitzen als \u00c4pfel, aber ebensoviel Zucker enthalten? Dadurch schmecken sie besonders s\u00fcss, schonen die Z\u00e4hne und sind f\u00fcr s\u00e4ureempfindliche Menschen sehr bek\u00f6mmlich.[\/vc_column_text][\/vc_column][vc_column width=&#8220;1\/2&#8243;][vc_single_image media=&#8220;3256&#8243; media_width_percent=&#8220;100&#8243; uncode_shortcode_id=&#8220;587620&#8243;][\/vc_column][\/vc_row][vc_row row_height_percent=&#8220;0&#8243; override_padding=&#8220;yes&#8220; h_padding=&#8220;2&#8243; top_padding=&#8220;0&#8243; bottom_padding=&#8220;0&#8243; back_color=&#8220;color-289496&#8243; overlay_alpha=&#8220;50&#8243; gutter_size=&#8220;3&#8243; column_width_percent=&#8220;100&#8243; shift_y=&#8220;0&#8243; z_index=&#8220;0&#8243; uncode_shortcode_id=&#8220;411244&#8243; css=&#8220;.vc_custom_1656344942340{margin-top: 0px !important;margin-bottom: 0px !important;padding-top: 50px !important;padding-bottom: 50px !important;}&#8220; back_color_type=&#8220;uncode-palette&#8220;][vc_column column_width_percent=&#8220;70&#8243; align_horizontal=&#8220;align_center&#8220; gutter_size=&#8220;3&#8243; style=&#8220;dark&#8220; overlay_alpha=&#8220;50&#8243; shift_x=&#8220;0&#8243; shift_y=&#8220;0&#8243; shift_y_down=&#8220;0&#8243; z_index=&#8220;0&#8243; medium_width=&#8220;0&#8243; mobile_width=&#8220;0&#8243; width=&#8220;1\/1&#8243; uncode_shortcode_id=&#8220;392327&#8243;][vc_column_text uncode_shortcode_id=&#8220;122561&#8243;]<\/p>\n<h3>Farner&#8217;s<\/h3>\n<p>Wir vermarkten Walliser Aprikosen, Schweizer Steinobst, Kernobst und Beeren. Mit unseren 30 Jahren Erfahrung, unserem breiten Netzwerk und agilen Team sind wir Ihr Sparringpartner f\u00fcr frische Agrarprodukte.<\/p>\n<h3>Kontaktdaten f\u00fcr Bestellungen und Anfragen<\/h3>\n<p>Haupttelefonnummer: +41 (0)52 740 27 62<\/p>\n<p>E-Mail: info@farners.ch<\/p>\n<p>[\/vc_column_text][\/vc_column][\/vc_row]<\/p>\n<\/div>","protected":false},"excerpt":{"rendered":"<p>F\u00fcr die Apfelernte war das Wetter aus erntetechnischer Sicht wieder perfekt. Der Reifervorsprung ist im Vergleich zum vergangenen Jahr nochmals angestiegen. Auch bei der Ernte der Birnen zeichnet sich eine exzellente Qualit\u00e4t ab.<\/p>\n","protected":false},"author":7,"featured_media":3283,"comment_status":"closed","ping_status":"closed","sticky":false,"template":"","format":"standard","meta":{"footnotes":""},"categories":[30],"tags":[],"class_list":["post-3276","post","type-post","status-publish","format-standard","has-post-thumbnail","hentry","category-news"],"yoast_head":"<!-- This site is optimized with the Yoast SEO plugin v27.4 - https:\/\/yoast.com\/product\/yoast-seo-wordpress\/ -->\n<title>Ein knackig-s\u00fcsser Herbstanfang &#8211; Farner\u2019s<\/title>\n<meta name=\"robots\" content=\"index, follow, max-snippet:-1, max-image-preview:large, max-video-preview:-1\" \/>\n<link rel=\"canonical\" href=\"https:\/\/farners.ch\/de\/ein-knackig-suesser-herbstanfang\/\" \/>\n<meta property=\"og:locale\" content=\"de_DE\" \/>\n<meta property=\"og:type\" content=\"article\" \/>\n<meta property=\"og:title\" content=\"Ein knackig-s\u00fcsser Herbstanfang &#8211; Farner\u2019s\" \/>\n<meta property=\"og:description\" content=\"F\u00fcr die Apfelernte war das Wetter aus erntetechnischer Sicht wieder perfekt. Der Reifervorsprung ist im Vergleich zum vergangenen Jahr nochmals angestiegen. Auch bei der Ernte der Birnen zeichnet sich eine exzellente Qualit\u00e4t ab.\" \/>\n<meta property=\"og:url\" content=\"https:\/\/farners.ch\/de\/ein-knackig-suesser-herbstanfang\/\" \/>\n<meta property=\"og:site_name\" content=\"Farner\u2019s\" \/>\n<meta property=\"article:published_time\" content=\"2022-09-07T07:57:50+00:00\" \/>\n<meta property=\"og:image\" content=\"https:\/\/farners.ch\/wp-content\/uploads\/2022\/09\/apple-gad5c76b00_1920.jpg\" \/>\n\t<meta property=\"og:image:width\" content=\"1920\" \/>\n\t<meta property=\"og:image:height\" content=\"1282\" \/>\n\t<meta property=\"og:image:type\" content=\"image\/jpeg\" \/>\n<meta name=\"author\" content=\"Simone Riesen\" \/>\n<meta name=\"twitter:card\" content=\"summary_large_image\" \/>\n<meta name=\"twitter:label1\" content=\"Geschrieben von\" \/>\n\t<meta name=\"twitter:data1\" content=\"Simone Riesen\" \/>\n\t<meta name=\"twitter:label2\" content=\"Gesch\u00e4tzte Lesezeit\" \/>\n\t<meta name=\"twitter:data2\" content=\"4\u00a0Minuten\" \/>\n<script type=\"application\/ld+json\" class=\"yoast-schema-graph\">{\"@context\":\"https:\\\/\\\/schema.org\",\"@graph\":[{\"@type\":\"Article\",\"@id\":\"https:\\\/\\\/farners.ch\\\/de\\\/ein-knackig-suesser-herbstanfang\\\/#article\",\"isPartOf\":{\"@id\":\"https:\\\/\\\/farners.ch\\\/de\\\/ein-knackig-suesser-herbstanfang\\\/\"},\"author\":{\"name\":\"Simone Riesen\",\"@id\":\"https:\\\/\\\/farners.ch\\\/de\\\/#\\\/schema\\\/person\\\/f13fef65c9ab443b2bea527ab8e462f0\"},\"headline\":\"Ein knackig-s\u00fcsser Herbstanfang\",\"datePublished\":\"2022-09-07T07:57:50+00:00\",\"mainEntityOfPage\":{\"@id\":\"https:\\\/\\\/farners.ch\\\/de\\\/ein-knackig-suesser-herbstanfang\\\/\"},\"wordCount\":902,\"publisher\":{\"@id\":\"https:\\\/\\\/farners.ch\\\/de\\\/#organization\"},\"image\":{\"@id\":\"https:\\\/\\\/farners.ch\\\/de\\\/ein-knackig-suesser-herbstanfang\\\/#primaryimage\"},\"thumbnailUrl\":\"https:\\\/\\\/farners.ch\\\/wp-content\\\/uploads\\\/2022\\\/09\\\/apple-gad5c76b00_1920.jpg\",\"articleSection\":[\"News\"],\"inLanguage\":\"de\"},{\"@type\":\"WebPage\",\"@id\":\"https:\\\/\\\/farners.ch\\\/de\\\/ein-knackig-suesser-herbstanfang\\\/\",\"url\":\"https:\\\/\\\/farners.ch\\\/de\\\/ein-knackig-suesser-herbstanfang\\\/\",\"name\":\"Ein knackig-s\u00fcsser Herbstanfang &#8211; Farner\u2019s\",\"isPartOf\":{\"@id\":\"https:\\\/\\\/farners.ch\\\/de\\\/#website\"},\"primaryImageOfPage\":{\"@id\":\"https:\\\/\\\/farners.ch\\\/de\\\/ein-knackig-suesser-herbstanfang\\\/#primaryimage\"},\"image\":{\"@id\":\"https:\\\/\\\/farners.ch\\\/de\\\/ein-knackig-suesser-herbstanfang\\\/#primaryimage\"},\"thumbnailUrl\":\"https:\\\/\\\/farners.ch\\\/wp-content\\\/uploads\\\/2022\\\/09\\\/apple-gad5c76b00_1920.jpg\",\"datePublished\":\"2022-09-07T07:57:50+00:00\",\"breadcrumb\":{\"@id\":\"https:\\\/\\\/farners.ch\\\/de\\\/ein-knackig-suesser-herbstanfang\\\/#breadcrumb\"},\"inLanguage\":\"de\",\"potentialAction\":[{\"@type\":\"ReadAction\",\"target\":[\"https:\\\/\\\/farners.ch\\\/de\\\/ein-knackig-suesser-herbstanfang\\\/\"]}]},{\"@type\":\"ImageObject\",\"inLanguage\":\"de\",\"@id\":\"https:\\\/\\\/farners.ch\\\/de\\\/ein-knackig-suesser-herbstanfang\\\/#primaryimage\",\"url\":\"https:\\\/\\\/farners.ch\\\/wp-content\\\/uploads\\\/2022\\\/09\\\/apple-gad5c76b00_1920.jpg\",\"contentUrl\":\"https:\\\/\\\/farners.ch\\\/wp-content\\\/uploads\\\/2022\\\/09\\\/apple-gad5c76b00_1920.jpg\",\"width\":1920,\"height\":1282},{\"@type\":\"BreadcrumbList\",\"@id\":\"https:\\\/\\\/farners.ch\\\/de\\\/ein-knackig-suesser-herbstanfang\\\/#breadcrumb\",\"itemListElement\":[{\"@type\":\"ListItem\",\"position\":1,\"name\":\"Startseite\",\"item\":\"https:\\\/\\\/farners.ch\\\/de\\\/\"},{\"@type\":\"ListItem\",\"position\":2,\"name\":\"Ein knackig-s\u00fcsser Herbstanfang\"}]},{\"@type\":\"WebSite\",\"@id\":\"https:\\\/\\\/farners.ch\\\/de\\\/#website\",\"url\":\"https:\\\/\\\/farners.ch\\\/de\\\/\",\"name\":\"Farner\u2019s\",\"description\":\"Agrarhandel\",\"publisher\":{\"@id\":\"https:\\\/\\\/farners.ch\\\/de\\\/#organization\"},\"potentialAction\":[{\"@type\":\"SearchAction\",\"target\":{\"@type\":\"EntryPoint\",\"urlTemplate\":\"https:\\\/\\\/farners.ch\\\/de\\\/?s={search_term_string}\"},\"query-input\":{\"@type\":\"PropertyValueSpecification\",\"valueRequired\":true,\"valueName\":\"search_term_string\"}}],\"inLanguage\":\"de\"},{\"@type\":\"Organization\",\"@id\":\"https:\\\/\\\/farners.ch\\\/de\\\/#organization\",\"name\":\"Farner\u2019s\",\"url\":\"https:\\\/\\\/farners.ch\\\/de\\\/\",\"logo\":{\"@type\":\"ImageObject\",\"inLanguage\":\"de\",\"@id\":\"https:\\\/\\\/farners.ch\\\/de\\\/#\\\/schema\\\/logo\\\/image\\\/\",\"url\":\"https:\\\/\\\/farners.ch\\\/wp-content\\\/uploads\\\/2020\\\/12\\\/farners_logo_positiv.png\",\"contentUrl\":\"https:\\\/\\\/farners.ch\\\/wp-content\\\/uploads\\\/2020\\\/12\\\/farners_logo_positiv.png\",\"width\":318,\"height\":86,\"caption\":\"Farner\u2019s\"},\"image\":{\"@id\":\"https:\\\/\\\/farners.ch\\\/de\\\/#\\\/schema\\\/logo\\\/image\\\/\"}},{\"@type\":\"Person\",\"@id\":\"https:\\\/\\\/farners.ch\\\/de\\\/#\\\/schema\\\/person\\\/f13fef65c9ab443b2bea527ab8e462f0\",\"name\":\"Simone Riesen\",\"image\":{\"@type\":\"ImageObject\",\"inLanguage\":\"de\",\"@id\":\"https:\\\/\\\/secure.gravatar.com\\\/avatar\\\/f507ee6b91f2944ca08e920056b60c9db006016b73072e39705c01fa1315ec94?s=96&d=mm&r=g\",\"url\":\"https:\\\/\\\/secure.gravatar.com\\\/avatar\\\/f507ee6b91f2944ca08e920056b60c9db006016b73072e39705c01fa1315ec94?s=96&d=mm&r=g\",\"contentUrl\":\"https:\\\/\\\/secure.gravatar.com\\\/avatar\\\/f507ee6b91f2944ca08e920056b60c9db006016b73072e39705c01fa1315ec94?s=96&d=mm&r=g\",\"caption\":\"Simone Riesen\"}}]}<\/script>\n<!-- \/ Yoast SEO plugin. -->","yoast_head_json":{"title":"Ein knackig-s\u00fcsser Herbstanfang &#8211; Farner\u2019s","robots":{"index":"index","follow":"follow","max-snippet":"max-snippet:-1","max-image-preview":"max-image-preview:large","max-video-preview":"max-video-preview:-1"},"canonical":"https:\/\/farners.ch\/de\/ein-knackig-suesser-herbstanfang\/","og_locale":"de_DE","og_type":"article","og_title":"Ein knackig-s\u00fcsser Herbstanfang &#8211; Farner\u2019s","og_description":"F\u00fcr die Apfelernte war das Wetter aus erntetechnischer Sicht wieder perfekt. Der Reifervorsprung ist im Vergleich zum vergangenen Jahr nochmals angestiegen. Auch bei der Ernte der Birnen zeichnet sich eine exzellente Qualit\u00e4t ab.","og_url":"https:\/\/farners.ch\/de\/ein-knackig-suesser-herbstanfang\/","og_site_name":"Farner\u2019s","article_published_time":"2022-09-07T07:57:50+00:00","og_image":[{"width":1920,"height":1282,"url":"https:\/\/farners.ch\/wp-content\/uploads\/2022\/09\/apple-gad5c76b00_1920.jpg","type":"image\/jpeg"}],"author":"Simone Riesen","twitter_card":"summary_large_image","twitter_misc":{"Geschrieben von":"Simone Riesen","Gesch\u00e4tzte Lesezeit":"4\u00a0Minuten"},"schema":{"@context":"https:\/\/schema.org","@graph":[{"@type":"Article","@id":"https:\/\/farners.ch\/de\/ein-knackig-suesser-herbstanfang\/#article","isPartOf":{"@id":"https:\/\/farners.ch\/de\/ein-knackig-suesser-herbstanfang\/"},"author":{"name":"Simone Riesen","@id":"https:\/\/farners.ch\/de\/#\/schema\/person\/f13fef65c9ab443b2bea527ab8e462f0"},"headline":"Ein knackig-s\u00fcsser Herbstanfang","datePublished":"2022-09-07T07:57:50+00:00","mainEntityOfPage":{"@id":"https:\/\/farners.ch\/de\/ein-knackig-suesser-herbstanfang\/"},"wordCount":902,"publisher":{"@id":"https:\/\/farners.ch\/de\/#organization"},"image":{"@id":"https:\/\/farners.ch\/de\/ein-knackig-suesser-herbstanfang\/#primaryimage"},"thumbnailUrl":"https:\/\/farners.ch\/wp-content\/uploads\/2022\/09\/apple-gad5c76b00_1920.jpg","articleSection":["News"],"inLanguage":"de"},{"@type":"WebPage","@id":"https:\/\/farners.ch\/de\/ein-knackig-suesser-herbstanfang\/","url":"https:\/\/farners.ch\/de\/ein-knackig-suesser-herbstanfang\/","name":"Ein knackig-s\u00fcsser Herbstanfang &#8211; Farner\u2019s","isPartOf":{"@id":"https:\/\/farners.ch\/de\/#website"},"primaryImageOfPage":{"@id":"https:\/\/farners.ch\/de\/ein-knackig-suesser-herbstanfang\/#primaryimage"},"image":{"@id":"https:\/\/farners.ch\/de\/ein-knackig-suesser-herbstanfang\/#primaryimage"},"thumbnailUrl":"https:\/\/farners.ch\/wp-content\/uploads\/2022\/09\/apple-gad5c76b00_1920.jpg","datePublished":"2022-09-07T07:57:50+00:00","breadcrumb":{"@id":"https:\/\/farners.ch\/de\/ein-knackig-suesser-herbstanfang\/#breadcrumb"},"inLanguage":"de","potentialAction":[{"@type":"ReadAction","target":["https:\/\/farners.ch\/de\/ein-knackig-suesser-herbstanfang\/"]}]},{"@type":"ImageObject","inLanguage":"de","@id":"https:\/\/farners.ch\/de\/ein-knackig-suesser-herbstanfang\/#primaryimage","url":"https:\/\/farners.ch\/wp-content\/uploads\/2022\/09\/apple-gad5c76b00_1920.jpg","contentUrl":"https:\/\/farners.ch\/wp-content\/uploads\/2022\/09\/apple-gad5c76b00_1920.jpg","width":1920,"height":1282},{"@type":"BreadcrumbList","@id":"https:\/\/farners.ch\/de\/ein-knackig-suesser-herbstanfang\/#breadcrumb","itemListElement":[{"@type":"ListItem","position":1,"name":"Startseite","item":"https:\/\/farners.ch\/de\/"},{"@type":"ListItem","position":2,"name":"Ein knackig-s\u00fcsser Herbstanfang"}]},{"@type":"WebSite","@id":"https:\/\/farners.ch\/de\/#website","url":"https:\/\/farners.ch\/de\/","name":"Farner\u2019s","description":"Agrarhandel","publisher":{"@id":"https:\/\/farners.ch\/de\/#organization"},"potentialAction":[{"@type":"SearchAction","target":{"@type":"EntryPoint","urlTemplate":"https:\/\/farners.ch\/de\/?s={search_term_string}"},"query-input":{"@type":"PropertyValueSpecification","valueRequired":true,"valueName":"search_term_string"}}],"inLanguage":"de"},{"@type":"Organization","@id":"https:\/\/farners.ch\/de\/#organization","name":"Farner\u2019s","url":"https:\/\/farners.ch\/de\/","logo":{"@type":"ImageObject","inLanguage":"de","@id":"https:\/\/farners.ch\/de\/#\/schema\/logo\/image\/","url":"https:\/\/farners.ch\/wp-content\/uploads\/2020\/12\/farners_logo_positiv.png","contentUrl":"https:\/\/farners.ch\/wp-content\/uploads\/2020\/12\/farners_logo_positiv.png","width":318,"height":86,"caption":"Farner\u2019s"},"image":{"@id":"https:\/\/farners.ch\/de\/#\/schema\/logo\/image\/"}},{"@type":"Person","@id":"https:\/\/farners.ch\/de\/#\/schema\/person\/f13fef65c9ab443b2bea527ab8e462f0","name":"Simone Riesen","image":{"@type":"ImageObject","inLanguage":"de","@id":"https:\/\/secure.gravatar.com\/avatar\/f507ee6b91f2944ca08e920056b60c9db006016b73072e39705c01fa1315ec94?s=96&d=mm&r=g","url":"https:\/\/secure.gravatar.com\/avatar\/f507ee6b91f2944ca08e920056b60c9db006016b73072e39705c01fa1315ec94?s=96&d=mm&r=g","contentUrl":"https:\/\/secure.gravatar.com\/avatar\/f507ee6b91f2944ca08e920056b60c9db006016b73072e39705c01fa1315ec94?s=96&d=mm&r=g","caption":"Simone Riesen"}}]}},"_links":{"self":[{"href":"https:\/\/farners.ch\/de\/wp-json\/wp\/v2\/posts\/3276","targetHints":{"allow":["GET"]}}],"collection":[{"href":"https:\/\/farners.ch\/de\/wp-json\/wp\/v2\/posts"}],"about":[{"href":"https:\/\/farners.ch\/de\/wp-json\/wp\/v2\/types\/post"}],"author":[{"embeddable":true,"href":"https:\/\/farners.ch\/de\/wp-json\/wp\/v2\/users\/7"}],"replies":[{"embeddable":true,"href":"https:\/\/farners.ch\/de\/wp-json\/wp\/v2\/comments?post=3276"}],"version-history":[{"count":1,"href":"https:\/\/farners.ch\/de\/wp-json\/wp\/v2\/posts\/3276\/revisions"}],"predecessor-version":[{"id":3279,"href":"https:\/\/farners.ch\/de\/wp-json\/wp\/v2\/posts\/3276\/revisions\/3279"}],"wp:featuredmedia":[{"embeddable":true,"href":"https:\/\/farners.ch\/de\/wp-json\/wp\/v2\/media\/3283"}],"wp:attachment":[{"href":"https:\/\/farners.ch\/de\/wp-json\/wp\/v2\/media?parent=3276"}],"wp:term":[{"taxonomy":"category","embeddable":true,"href":"https:\/\/farners.ch\/de\/wp-json\/wp\/v2\/categories?post=3276"},{"taxonomy":"post_tag","embeddable":true,"href":"https:\/\/farners.ch\/de\/wp-json\/wp\/v2\/tags?post=3276"}],"curies":[{"name":"wp","href":"https:\/\/api.w.org\/{rel}","templated":true}]}}