{"id":3325,"date":"2022-09-21T11:02:57","date_gmt":"2022-09-21T11:02:57","guid":{"rendered":"https:\/\/farners.ch\/?p=3325"},"modified":"2022-11-08T11:08:33","modified_gmt":"2022-11-08T11:08:33","slug":"im-zeichen-der-nachhaltigkeit","status":"publish","type":"post","link":"https:\/\/farners.ch\/de\/im-zeichen-der-nachhaltigkeit\/","title":{"rendered":"Im Zeichen der Nachhaltigkeit"},"content":{"rendered":"<div class=\"wpb-content-wrapper\"><p>[vc_row row_height_percent=&#8220;0&#8243; override_padding=&#8220;yes&#8220; h_padding=&#8220;2&#8243; top_padding=&#8220;0&#8243; bottom_padding=&#8220;0&#8243; overlay_alpha=&#8220;50&#8243; gutter_size=&#8220;3&#8243; column_width_percent=&#8220;100&#8243; shift_y=&#8220;0&#8243; z_index=&#8220;0&#8243; desktop_visibility=&#8220;yes&#8220; medium_visibility=&#8220;yes&#8220; el_class=&#8220;neunerblock_top no_bottom&#8220; css=&#8220;.vc_custom_1609777159931{margin-top: -6px !important;margin-bottom: -14px !important;padding-top: 0px !important;padding-bottom: 0px !important;}&#8220;][vc_column column_width_percent=&#8220;100&#8243; gutter_size=&#8220;3&#8243; overlay_alpha=&#8220;50&#8243; shift_x=&#8220;0&#8243; shift_y=&#8220;0&#8243; shift_y_down=&#8220;0&#8243; z_index=&#8220;0&#8243; medium_width=&#8220;0&#8243; mobile_width=&#8220;0&#8243; width=&#8220;1\/1&#8243; el_class=&#8220;no_bottom&#8220;][\/vc_column][\/vc_row][vc_row row_height_percent=&#8220;0&#8243; override_padding=&#8220;yes&#8220; h_padding=&#8220;2&#8243; top_padding=&#8220;0&#8243; bottom_padding=&#8220;0&#8243; overlay_alpha=&#8220;50&#8243; gutter_size=&#8220;3&#8243; column_width_percent=&#8220;100&#8243; shift_y=&#8220;0&#8243; z_index=&#8220;0&#8243; css=&#8220;.vc_custom_1610122507316{margin-top: 0px !important;margin-bottom: 0px !important;padding-top: 0px !important;padding-bottom: 36px !important;}&#8220;][vc_column column_width_percent=&#8220;70&#8243; align_horizontal=&#8220;align_center&#8220; gutter_size=&#8220;3&#8243; overlay_alpha=&#8220;50&#8243; shift_x=&#8220;0&#8243; shift_y=&#8220;0&#8243; shift_y_down=&#8220;0&#8243; z_index=&#8220;0&#8243; medium_width=&#8220;0&#8243; mobile_width=&#8220;0&#8243; width=&#8220;1\/1&#8243;][vc_column_text el_class=&#8220;zab_groesser&#8220; uncode_shortcode_id=&#8220;396931&#8243;]<\/p>\n<h2><strong>Im Zeichen der Nachhaltigkeit<\/strong><\/h2>\n<p>[\/vc_column_text][\/vc_column][\/vc_row][vc_row row_height_percent=&#8220;0&#8243; override_padding=&#8220;yes&#8220; h_padding=&#8220;2&#8243; top_padding=&#8220;0&#8243; bottom_padding=&#8220;0&#8243; overlay_alpha=&#8220;50&#8243; gutter_size=&#8220;3&#8243; column_width_percent=&#8220;100&#8243; shift_y=&#8220;0&#8243; z_index=&#8220;0&#8243; uncode_shortcode_id=&#8220;148969&#8243; css=&#8220;.vc_custom_1656343249014{margin-top: 0px !important;margin-bottom: 0px !important;padding-top: 0px !important;padding-bottom: 50px !important;}&#8220;][vc_column column_width_percent=&#8220;70&#8243; align_horizontal=&#8220;align_center&#8220; gutter_size=&#8220;3&#8243; overlay_alpha=&#8220;50&#8243; shift_x=&#8220;0&#8243; shift_y=&#8220;0&#8243; shift_y_down=&#8220;0&#8243; z_index=&#8220;0&#8243; medium_width=&#8220;0&#8243; mobile_width=&#8220;0&#8243; width=&#8220;1\/1&#8243; uncode_shortcode_id=&#8220;668042&#8243;][vc_column_text uncode_shortcode_id=&#8220;897341&#8243;]Der Tag des Apfels am 17. September 2022 stand in diesem Jahr unter dem Zeichen der Nachhaltigkeit. Dieses Jahr wurden erstmals \u00c4pfel, die nach den Richtlinien des neuen Branchenprogramms &#8222;Nachhaltigkeit Fr\u00fcchte&#8220; angebaut wurden, an 22 Bahnh\u00f6fen in der ganzen Schweiz verteilt, um auf das Thema aufmerksam zu machen.<\/p>\n<p>Die Ernte der Schweizer \u00c4pfel ist zurzeit auf dem H\u00f6hepunkt und wird noch bis Ende Oktober dauern.\u00a0Die optimale Zeit also, um in einen knackigen Apfel zu beissen![\/vc_column_text][\/vc_column][\/vc_row][vc_row row_height_percent=&#8220;0&#8243; override_padding=&#8220;yes&#8220; h_padding=&#8220;2&#8243; top_padding=&#8220;0&#8243; bottom_padding=&#8220;0&#8243; back_color=&#8220;color-181039&#8243; overlay_alpha=&#8220;50&#8243; gutter_size=&#8220;3&#8243; column_width_percent=&#8220;100&#8243; shift_y=&#8220;0&#8243; z_index=&#8220;0&#8243; uncode_shortcode_id=&#8220;827550&#8243; back_color_type=&#8220;uncode-palette&#8220; css=&#8220;.vc_custom_1656343205600{margin-top: 0px !important;margin-bottom: 0px !important;padding-top: 50px !important;padding-bottom: 50px !important;}&#8220;][vc_column width=&#8220;1\/2&#8243;][vc_single_image media=&#8220;3095&#8243; media_width_percent=&#8220;100&#8243; uncode_shortcode_id=&#8220;201325&#8243;][\/vc_column][vc_column column_width_percent=&#8220;76&#8243; gutter_size=&#8220;3&#8243; overlay_alpha=&#8220;50&#8243; shift_x=&#8220;0&#8243; shift_y=&#8220;0&#8243; shift_y_down=&#8220;0&#8243; z_index=&#8220;0&#8243; medium_width=&#8220;0&#8243; mobile_width=&#8220;0&#8243; width=&#8220;1\/2&#8243; uncode_shortcode_id=&#8220;901580&#8243;][vc_column_text uncode_shortcode_id=&#8220;112572&#8243;]<\/p>\n<h3>\u00c4pfel<\/h3>\n<p><strong>Erntesituation<\/strong><\/p>\n<p>Nun ist der Sommer mit merklich tieferen Temperaturen und vielen Regeng\u00fcssen zu Ende gegangen. Allerdings sind diese Woche wieder viele trockene Phasen zu erwarten.<\/p>\n<p>Vor dem Hintergrund des akuten Personalmangels waren die letzten Wochen f\u00fcr alle Akteure eine Herausforderung, da viele Sorten gleichzeitig gepfl\u00fcckt werden mussten. Durch die optimistischeren Wetterprognosen zeichnet sich aber nun eine entspanntere Erntesituation ab. Auch die Qualit\u00e4t ist weiterhin sehr gut. Dank den Temperaturunterschieden Tag &#8211; Nacht ist auch die F\u00e4rbung sehr sch\u00f6n.<\/p>\n<p>Nach wie vor bel\u00e4uft sich der Reifevorsprung im Vergleich zum vergangenen Jahr auf 15-16 Tage und damit liegt er auf dem Niveau des Jahres 2018.<\/p>\n<p>Die Ernte der Sorten Cox Orange und Greenstar ist abgeschlossen. Auch die Ernte der Sorte Gala ist bis auf wenige Ausnahmen abgeschlossen.<\/p>\n<p><strong>Marktsituation <\/strong><\/p>\n<p>Diese Woche sind wieder viele Aktivit\u00e4ten mit Kernobst geplant, die den Verkauf ankurbeln sollen. Verkauft werden momentan die Sorten Gala, Elstar und Cox Orange.<\/p>\n<p><strong>Nachhaltigkeit<\/strong><\/p>\n<p>Die nationale Branchenl\u00f6sung \u00abNachhaltigkeit Fr\u00fcchte\u00bb umfasst neun Nachhaltigkeitsziele und sieht rund 90 Massnahmen vor. Dank des breiten Massnahmenkatalogs k\u00f6nnen alle Betriebe hinsichtlich ihrer individuellen Ausgangslage einen Beitrag leisten, um noch nachhaltiger zu produzieren. Die Unterst\u00fctzung f\u00fcr das Programm ist gross: Bereits im ersten Jahr wird auf mehr als 85 Prozent der Kernobstfl\u00e4che gem\u00e4ss den neuen Anforderungen produziert. Die f\u00fchrenden Detailh\u00e4ndler unterst\u00fctzen das Programm gleichermassen.[\/vc_column_text][\/vc_column][\/vc_row][vc_row row_height_percent=&#8220;0&#8243; override_padding=&#8220;yes&#8220; h_padding=&#8220;2&#8243; top_padding=&#8220;0&#8243; bottom_padding=&#8220;0&#8243; overlay_alpha=&#8220;50&#8243; gutter_size=&#8220;3&#8243; column_width_percent=&#8220;100&#8243; shift_y=&#8220;0&#8243; z_index=&#8220;0&#8243; inverted_device_order=&#8220;yes&#8220; uncode_shortcode_id=&#8220;211816&#8243; css=&#8220;.vc_custom_1656343974579{margin-top: 0px !important;margin-bottom: 0px !important;padding-top: 50px !important;padding-bottom: 50px !important;}&#8220;][vc_column column_width_percent=&#8220;78&#8243; gutter_size=&#8220;3&#8243; overlay_alpha=&#8220;50&#8243; shift_x=&#8220;0&#8243; shift_y=&#8220;0&#8243; shift_y_down=&#8220;0&#8243; z_index=&#8220;0&#8243; medium_width=&#8220;0&#8243; mobile_width=&#8220;0&#8243; width=&#8220;1\/2&#8243; uncode_shortcode_id=&#8220;557705&#8243;][vc_column_text uncode_shortcode_id=&#8220;259437&#8243;]<\/p>\n<h3>Birnen<\/h3>\n<p><strong>Ernte- und Marktsituation<\/strong><\/p>\n<p>Die Ernte ist bis auf wenige Ausnahmen abgeschlossen.<\/p>\n<p>Verkauft werden diese Woche vorwiegend die Sorten Williams und Celina. Das Birnensortiment wird vereinzelt durch Conf\u00e9rence erg\u00e4nzt.[\/vc_column_text][\/vc_column][vc_column width=&#8220;1\/2&#8243;][vc_single_image media=&#8220;3328&#8243; media_width_percent=&#8220;100&#8243; uncode_shortcode_id=&#8220;114463&#8243;][\/vc_column][\/vc_row][vc_row row_height_percent=&#8220;0&#8243; override_padding=&#8220;yes&#8220; h_padding=&#8220;2&#8243; top_padding=&#8220;0&#8243; bottom_padding=&#8220;0&#8243; back_color=&#8220;color-289496&#8243; overlay_alpha=&#8220;50&#8243; gutter_size=&#8220;3&#8243; column_width_percent=&#8220;100&#8243; shift_y=&#8220;0&#8243; z_index=&#8220;0&#8243; uncode_shortcode_id=&#8220;411244&#8243; css=&#8220;.vc_custom_1656344942340{margin-top: 0px !important;margin-bottom: 0px !important;padding-top: 50px !important;padding-bottom: 50px !important;}&#8220; back_color_type=&#8220;uncode-palette&#8220;][vc_column column_width_percent=&#8220;70&#8243; align_horizontal=&#8220;align_center&#8220; gutter_size=&#8220;3&#8243; style=&#8220;dark&#8220; overlay_alpha=&#8220;50&#8243; shift_x=&#8220;0&#8243; shift_y=&#8220;0&#8243; shift_y_down=&#8220;0&#8243; z_index=&#8220;0&#8243; medium_width=&#8220;0&#8243; mobile_width=&#8220;0&#8243; width=&#8220;1\/1&#8243; uncode_shortcode_id=&#8220;392327&#8243;][vc_column_text uncode_shortcode_id=&#8220;122561&#8243;]<\/p>\n<h3>Farner&#8217;s<\/h3>\n<p>Wir vermarkten Walliser Aprikosen, Schweizer Steinobst, Kernobst und Beeren. Mit unseren 30 Jahren Erfahrung, unserem breiten Netzwerk und agilen Team sind wir Ihr Sparringpartner f\u00fcr frische Agrarprodukte.<\/p>\n<h3>Kontaktdaten f\u00fcr Bestellungen und Anfragen<\/h3>\n<p>Haupttelefonnummer: +41 (0)52 740 27 62<\/p>\n<p>E-Mail: info@farners.ch<\/p>\n<p>[\/vc_column_text][\/vc_column][\/vc_row]<\/p>\n<\/div>","protected":false},"excerpt":{"rendered":"<p>Die Walliser Aprikosenernte ist abgeschlossen und somit ist eine anspruchsvolle Aprikosensaison zu Ende gegangen &#8211; vor allem zu Saisonschluss machte sich die anhaltende Trockenheit bei der Qualit\u00e4t bemerkbar. Wir m\u00f6chten Ihnen sehr gerne ein grosses Dankesch\u00f6n f\u00fcr die gute und konstruktive Zusammenarbeit aussprechen.<\/p>\n","protected":false},"author":7,"featured_media":3328,"comment_status":"closed","ping_status":"closed","sticky":false,"template":"","format":"standard","meta":{"footnotes":""},"categories":[30],"tags":[],"class_list":["post-3325","post","type-post","status-publish","format-standard","has-post-thumbnail","hentry","category-news"],"yoast_head":"<!-- This site is optimized with the Yoast SEO plugin v27.4 - https:\/\/yoast.com\/product\/yoast-seo-wordpress\/ -->\n<title>Im Zeichen der Nachhaltigkeit &#8211; Farner\u2019s<\/title>\n<meta name=\"robots\" content=\"index, follow, max-snippet:-1, max-image-preview:large, max-video-preview:-1\" \/>\n<link rel=\"canonical\" href=\"https:\/\/farners.ch\/de\/im-zeichen-der-nachhaltigkeit\/\" \/>\n<meta property=\"og:locale\" content=\"de_DE\" \/>\n<meta property=\"og:type\" content=\"article\" \/>\n<meta property=\"og:title\" content=\"Im Zeichen der Nachhaltigkeit &#8211; Farner\u2019s\" \/>\n<meta property=\"og:description\" content=\"Die Walliser Aprikosenernte ist abgeschlossen und somit ist eine anspruchsvolle Aprikosensaison zu Ende gegangen - vor allem zu Saisonschluss machte sich die anhaltende Trockenheit bei der Qualit\u00e4t bemerkbar. Wir m\u00f6chten Ihnen sehr gerne ein grosses Dankesch\u00f6n f\u00fcr die gute und konstruktive Zusammenarbeit aussprechen.\" \/>\n<meta property=\"og:url\" content=\"https:\/\/farners.ch\/de\/im-zeichen-der-nachhaltigkeit\/\" \/>\n<meta property=\"og:site_name\" content=\"Farner\u2019s\" \/>\n<meta property=\"article:published_time\" content=\"2022-09-21T11:02:57+00:00\" \/>\n<meta property=\"article:modified_time\" content=\"2022-11-08T11:08:33+00:00\" \/>\n<meta property=\"og:image\" content=\"https:\/\/farners.ch\/wp-content\/uploads\/2022\/11\/Williams-Birne_cValais-Wallis-Promotion-bearbeitet.png\" \/>\n\t<meta property=\"og:image:width\" content=\"940\" \/>\n\t<meta property=\"og:image:height\" content=\"580\" \/>\n\t<meta property=\"og:image:type\" content=\"image\/png\" \/>\n<meta name=\"author\" content=\"Simone Riesen\" \/>\n<meta name=\"twitter:card\" content=\"summary_large_image\" \/>\n<meta name=\"twitter:label1\" content=\"Geschrieben von\" \/>\n\t<meta name=\"twitter:data1\" content=\"Simone Riesen\" \/>\n\t<meta name=\"twitter:label2\" content=\"Gesch\u00e4tzte Lesezeit\" \/>\n\t<meta name=\"twitter:data2\" content=\"4\u00a0Minuten\" \/>\n<script type=\"application\/ld+json\" class=\"yoast-schema-graph\">{\"@context\":\"https:\\\/\\\/schema.org\",\"@graph\":[{\"@type\":\"Article\",\"@id\":\"https:\\\/\\\/farners.ch\\\/de\\\/im-zeichen-der-nachhaltigkeit\\\/#article\",\"isPartOf\":{\"@id\":\"https:\\\/\\\/farners.ch\\\/de\\\/im-zeichen-der-nachhaltigkeit\\\/\"},\"author\":{\"name\":\"Simone Riesen\",\"@id\":\"https:\\\/\\\/farners.ch\\\/de\\\/#\\\/schema\\\/person\\\/f13fef65c9ab443b2bea527ab8e462f0\"},\"headline\":\"Im Zeichen der Nachhaltigkeit\",\"datePublished\":\"2022-09-21T11:02:57+00:00\",\"dateModified\":\"2022-11-08T11:08:33+00:00\",\"mainEntityOfPage\":{\"@id\":\"https:\\\/\\\/farners.ch\\\/de\\\/im-zeichen-der-nachhaltigkeit\\\/\"},\"wordCount\":941,\"publisher\":{\"@id\":\"https:\\\/\\\/farners.ch\\\/de\\\/#organization\"},\"image\":{\"@id\":\"https:\\\/\\\/farners.ch\\\/de\\\/im-zeichen-der-nachhaltigkeit\\\/#primaryimage\"},\"thumbnailUrl\":\"https:\\\/\\\/farners.ch\\\/wp-content\\\/uploads\\\/2022\\\/11\\\/Williams-Birne_cValais-Wallis-Promotion-bearbeitet.png\",\"articleSection\":[\"News\"],\"inLanguage\":\"de\"},{\"@type\":\"WebPage\",\"@id\":\"https:\\\/\\\/farners.ch\\\/de\\\/im-zeichen-der-nachhaltigkeit\\\/\",\"url\":\"https:\\\/\\\/farners.ch\\\/de\\\/im-zeichen-der-nachhaltigkeit\\\/\",\"name\":\"Im Zeichen der Nachhaltigkeit &#8211; Farner\u2019s\",\"isPartOf\":{\"@id\":\"https:\\\/\\\/farners.ch\\\/de\\\/#website\"},\"primaryImageOfPage\":{\"@id\":\"https:\\\/\\\/farners.ch\\\/de\\\/im-zeichen-der-nachhaltigkeit\\\/#primaryimage\"},\"image\":{\"@id\":\"https:\\\/\\\/farners.ch\\\/de\\\/im-zeichen-der-nachhaltigkeit\\\/#primaryimage\"},\"thumbnailUrl\":\"https:\\\/\\\/farners.ch\\\/wp-content\\\/uploads\\\/2022\\\/11\\\/Williams-Birne_cValais-Wallis-Promotion-bearbeitet.png\",\"datePublished\":\"2022-09-21T11:02:57+00:00\",\"dateModified\":\"2022-11-08T11:08:33+00:00\",\"breadcrumb\":{\"@id\":\"https:\\\/\\\/farners.ch\\\/de\\\/im-zeichen-der-nachhaltigkeit\\\/#breadcrumb\"},\"inLanguage\":\"de\",\"potentialAction\":[{\"@type\":\"ReadAction\",\"target\":[\"https:\\\/\\\/farners.ch\\\/de\\\/im-zeichen-der-nachhaltigkeit\\\/\"]}]},{\"@type\":\"ImageObject\",\"inLanguage\":\"de\",\"@id\":\"https:\\\/\\\/farners.ch\\\/de\\\/im-zeichen-der-nachhaltigkeit\\\/#primaryimage\",\"url\":\"https:\\\/\\\/farners.ch\\\/wp-content\\\/uploads\\\/2022\\\/11\\\/Williams-Birne_cValais-Wallis-Promotion-bearbeitet.png\",\"contentUrl\":\"https:\\\/\\\/farners.ch\\\/wp-content\\\/uploads\\\/2022\\\/11\\\/Williams-Birne_cValais-Wallis-Promotion-bearbeitet.png\",\"width\":940,\"height\":580},{\"@type\":\"BreadcrumbList\",\"@id\":\"https:\\\/\\\/farners.ch\\\/de\\\/im-zeichen-der-nachhaltigkeit\\\/#breadcrumb\",\"itemListElement\":[{\"@type\":\"ListItem\",\"position\":1,\"name\":\"Startseite\",\"item\":\"https:\\\/\\\/farners.ch\\\/de\\\/\"},{\"@type\":\"ListItem\",\"position\":2,\"name\":\"Im Zeichen der Nachhaltigkeit\"}]},{\"@type\":\"WebSite\",\"@id\":\"https:\\\/\\\/farners.ch\\\/de\\\/#website\",\"url\":\"https:\\\/\\\/farners.ch\\\/de\\\/\",\"name\":\"Farner\u2019s\",\"description\":\"Agrarhandel\",\"publisher\":{\"@id\":\"https:\\\/\\\/farners.ch\\\/de\\\/#organization\"},\"potentialAction\":[{\"@type\":\"SearchAction\",\"target\":{\"@type\":\"EntryPoint\",\"urlTemplate\":\"https:\\\/\\\/farners.ch\\\/de\\\/?s={search_term_string}\"},\"query-input\":{\"@type\":\"PropertyValueSpecification\",\"valueRequired\":true,\"valueName\":\"search_term_string\"}}],\"inLanguage\":\"de\"},{\"@type\":\"Organization\",\"@id\":\"https:\\\/\\\/farners.ch\\\/de\\\/#organization\",\"name\":\"Farner\u2019s\",\"url\":\"https:\\\/\\\/farners.ch\\\/de\\\/\",\"logo\":{\"@type\":\"ImageObject\",\"inLanguage\":\"de\",\"@id\":\"https:\\\/\\\/farners.ch\\\/de\\\/#\\\/schema\\\/logo\\\/image\\\/\",\"url\":\"https:\\\/\\\/farners.ch\\\/wp-content\\\/uploads\\\/2020\\\/12\\\/farners_logo_positiv.png\",\"contentUrl\":\"https:\\\/\\\/farners.ch\\\/wp-content\\\/uploads\\\/2020\\\/12\\\/farners_logo_positiv.png\",\"width\":318,\"height\":86,\"caption\":\"Farner\u2019s\"},\"image\":{\"@id\":\"https:\\\/\\\/farners.ch\\\/de\\\/#\\\/schema\\\/logo\\\/image\\\/\"}},{\"@type\":\"Person\",\"@id\":\"https:\\\/\\\/farners.ch\\\/de\\\/#\\\/schema\\\/person\\\/f13fef65c9ab443b2bea527ab8e462f0\",\"name\":\"Simone Riesen\",\"image\":{\"@type\":\"ImageObject\",\"inLanguage\":\"de\",\"@id\":\"https:\\\/\\\/secure.gravatar.com\\\/avatar\\\/f507ee6b91f2944ca08e920056b60c9db006016b73072e39705c01fa1315ec94?s=96&d=mm&r=g\",\"url\":\"https:\\\/\\\/secure.gravatar.com\\\/avatar\\\/f507ee6b91f2944ca08e920056b60c9db006016b73072e39705c01fa1315ec94?s=96&d=mm&r=g\",\"contentUrl\":\"https:\\\/\\\/secure.gravatar.com\\\/avatar\\\/f507ee6b91f2944ca08e920056b60c9db006016b73072e39705c01fa1315ec94?s=96&d=mm&r=g\",\"caption\":\"Simone Riesen\"}}]}<\/script>\n<!-- \/ Yoast SEO plugin. -->","yoast_head_json":{"title":"Im Zeichen der Nachhaltigkeit &#8211; Farner\u2019s","robots":{"index":"index","follow":"follow","max-snippet":"max-snippet:-1","max-image-preview":"max-image-preview:large","max-video-preview":"max-video-preview:-1"},"canonical":"https:\/\/farners.ch\/de\/im-zeichen-der-nachhaltigkeit\/","og_locale":"de_DE","og_type":"article","og_title":"Im Zeichen der Nachhaltigkeit &#8211; Farner\u2019s","og_description":"Die Walliser Aprikosenernte ist abgeschlossen und somit ist eine anspruchsvolle Aprikosensaison zu Ende gegangen - vor allem zu Saisonschluss machte sich die anhaltende Trockenheit bei der Qualit\u00e4t bemerkbar. Wir m\u00f6chten Ihnen sehr gerne ein grosses Dankesch\u00f6n f\u00fcr die gute und konstruktive Zusammenarbeit aussprechen.","og_url":"https:\/\/farners.ch\/de\/im-zeichen-der-nachhaltigkeit\/","og_site_name":"Farner\u2019s","article_published_time":"2022-09-21T11:02:57+00:00","article_modified_time":"2022-11-08T11:08:33+00:00","og_image":[{"width":940,"height":580,"url":"https:\/\/farners.ch\/wp-content\/uploads\/2022\/11\/Williams-Birne_cValais-Wallis-Promotion-bearbeitet.png","type":"image\/png"}],"author":"Simone Riesen","twitter_card":"summary_large_image","twitter_misc":{"Geschrieben von":"Simone Riesen","Gesch\u00e4tzte Lesezeit":"4\u00a0Minuten"},"schema":{"@context":"https:\/\/schema.org","@graph":[{"@type":"Article","@id":"https:\/\/farners.ch\/de\/im-zeichen-der-nachhaltigkeit\/#article","isPartOf":{"@id":"https:\/\/farners.ch\/de\/im-zeichen-der-nachhaltigkeit\/"},"author":{"name":"Simone Riesen","@id":"https:\/\/farners.ch\/de\/#\/schema\/person\/f13fef65c9ab443b2bea527ab8e462f0"},"headline":"Im Zeichen der Nachhaltigkeit","datePublished":"2022-09-21T11:02:57+00:00","dateModified":"2022-11-08T11:08:33+00:00","mainEntityOfPage":{"@id":"https:\/\/farners.ch\/de\/im-zeichen-der-nachhaltigkeit\/"},"wordCount":941,"publisher":{"@id":"https:\/\/farners.ch\/de\/#organization"},"image":{"@id":"https:\/\/farners.ch\/de\/im-zeichen-der-nachhaltigkeit\/#primaryimage"},"thumbnailUrl":"https:\/\/farners.ch\/wp-content\/uploads\/2022\/11\/Williams-Birne_cValais-Wallis-Promotion-bearbeitet.png","articleSection":["News"],"inLanguage":"de"},{"@type":"WebPage","@id":"https:\/\/farners.ch\/de\/im-zeichen-der-nachhaltigkeit\/","url":"https:\/\/farners.ch\/de\/im-zeichen-der-nachhaltigkeit\/","name":"Im Zeichen der Nachhaltigkeit &#8211; Farner\u2019s","isPartOf":{"@id":"https:\/\/farners.ch\/de\/#website"},"primaryImageOfPage":{"@id":"https:\/\/farners.ch\/de\/im-zeichen-der-nachhaltigkeit\/#primaryimage"},"image":{"@id":"https:\/\/farners.ch\/de\/im-zeichen-der-nachhaltigkeit\/#primaryimage"},"thumbnailUrl":"https:\/\/farners.ch\/wp-content\/uploads\/2022\/11\/Williams-Birne_cValais-Wallis-Promotion-bearbeitet.png","datePublished":"2022-09-21T11:02:57+00:00","dateModified":"2022-11-08T11:08:33+00:00","breadcrumb":{"@id":"https:\/\/farners.ch\/de\/im-zeichen-der-nachhaltigkeit\/#breadcrumb"},"inLanguage":"de","potentialAction":[{"@type":"ReadAction","target":["https:\/\/farners.ch\/de\/im-zeichen-der-nachhaltigkeit\/"]}]},{"@type":"ImageObject","inLanguage":"de","@id":"https:\/\/farners.ch\/de\/im-zeichen-der-nachhaltigkeit\/#primaryimage","url":"https:\/\/farners.ch\/wp-content\/uploads\/2022\/11\/Williams-Birne_cValais-Wallis-Promotion-bearbeitet.png","contentUrl":"https:\/\/farners.ch\/wp-content\/uploads\/2022\/11\/Williams-Birne_cValais-Wallis-Promotion-bearbeitet.png","width":940,"height":580},{"@type":"BreadcrumbList","@id":"https:\/\/farners.ch\/de\/im-zeichen-der-nachhaltigkeit\/#breadcrumb","itemListElement":[{"@type":"ListItem","position":1,"name":"Startseite","item":"https:\/\/farners.ch\/de\/"},{"@type":"ListItem","position":2,"name":"Im Zeichen der Nachhaltigkeit"}]},{"@type":"WebSite","@id":"https:\/\/farners.ch\/de\/#website","url":"https:\/\/farners.ch\/de\/","name":"Farner\u2019s","description":"Agrarhandel","publisher":{"@id":"https:\/\/farners.ch\/de\/#organization"},"potentialAction":[{"@type":"SearchAction","target":{"@type":"EntryPoint","urlTemplate":"https:\/\/farners.ch\/de\/?s={search_term_string}"},"query-input":{"@type":"PropertyValueSpecification","valueRequired":true,"valueName":"search_term_string"}}],"inLanguage":"de"},{"@type":"Organization","@id":"https:\/\/farners.ch\/de\/#organization","name":"Farner\u2019s","url":"https:\/\/farners.ch\/de\/","logo":{"@type":"ImageObject","inLanguage":"de","@id":"https:\/\/farners.ch\/de\/#\/schema\/logo\/image\/","url":"https:\/\/farners.ch\/wp-content\/uploads\/2020\/12\/farners_logo_positiv.png","contentUrl":"https:\/\/farners.ch\/wp-content\/uploads\/2020\/12\/farners_logo_positiv.png","width":318,"height":86,"caption":"Farner\u2019s"},"image":{"@id":"https:\/\/farners.ch\/de\/#\/schema\/logo\/image\/"}},{"@type":"Person","@id":"https:\/\/farners.ch\/de\/#\/schema\/person\/f13fef65c9ab443b2bea527ab8e462f0","name":"Simone Riesen","image":{"@type":"ImageObject","inLanguage":"de","@id":"https:\/\/secure.gravatar.com\/avatar\/f507ee6b91f2944ca08e920056b60c9db006016b73072e39705c01fa1315ec94?s=96&d=mm&r=g","url":"https:\/\/secure.gravatar.com\/avatar\/f507ee6b91f2944ca08e920056b60c9db006016b73072e39705c01fa1315ec94?s=96&d=mm&r=g","contentUrl":"https:\/\/secure.gravatar.com\/avatar\/f507ee6b91f2944ca08e920056b60c9db006016b73072e39705c01fa1315ec94?s=96&d=mm&r=g","caption":"Simone Riesen"}}]}},"_links":{"self":[{"href":"https:\/\/farners.ch\/de\/wp-json\/wp\/v2\/posts\/3325","targetHints":{"allow":["GET"]}}],"collection":[{"href":"https:\/\/farners.ch\/de\/wp-json\/wp\/v2\/posts"}],"about":[{"href":"https:\/\/farners.ch\/de\/wp-json\/wp\/v2\/types\/post"}],"author":[{"embeddable":true,"href":"https:\/\/farners.ch\/de\/wp-json\/wp\/v2\/users\/7"}],"replies":[{"embeddable":true,"href":"https:\/\/farners.ch\/de\/wp-json\/wp\/v2\/comments?post=3325"}],"version-history":[{"count":1,"href":"https:\/\/farners.ch\/de\/wp-json\/wp\/v2\/posts\/3325\/revisions"}],"predecessor-version":[{"id":3330,"href":"https:\/\/farners.ch\/de\/wp-json\/wp\/v2\/posts\/3325\/revisions\/3330"}],"wp:featuredmedia":[{"embeddable":true,"href":"https:\/\/farners.ch\/de\/wp-json\/wp\/v2\/media\/3328"}],"wp:attachment":[{"href":"https:\/\/farners.ch\/de\/wp-json\/wp\/v2\/media?parent=3325"}],"wp:term":[{"taxonomy":"category","embeddable":true,"href":"https:\/\/farners.ch\/de\/wp-json\/wp\/v2\/categories?post=3325"},{"taxonomy":"post_tag","embeddable":true,"href":"https:\/\/farners.ch\/de\/wp-json\/wp\/v2\/tags?post=3325"}],"curies":[{"name":"wp","href":"https:\/\/api.w.org\/{rel}","templated":true}]}}